{"id":9911,"date":"2024-04-26T22:26:06","date_gmt":"2024-04-26T20:26:06","guid":{"rendered":"https:\/\/schwarze-welle.com\/?p=9911"},"modified":"2024-04-26T22:28:15","modified_gmt":"2024-04-26T20:28:15","slug":"fractiles-mit-epochalem-debuet-no-death-place","status":"publish","type":"post","link":"https:\/\/schwarze-welle.com\/?p=9911","title":{"rendered":"FRACTILES mit epochalem Deb\u00fct &#8211; \u201eNo Death Place\u201c"},"content":{"rendered":"<p><img data-recalc-dims=\"1\" fetchpriority=\"high\" decoding=\"async\" class=\"size-medium wp-image-9912 aligncenter\" src=\"https:\/\/i0.wp.com\/schwarze-welle.com\/wp-content\/uploads\/2024\/04\/FRACTILES_NO_DEATH_PLACE.jpg?resize=770%2C433&#038;ssl=1\" alt=\"\" width=\"770\" height=\"433\" srcset=\"https:\/\/i0.wp.com\/schwarze-welle.com\/wp-content\/uploads\/2024\/04\/FRACTILES_NO_DEATH_PLACE.jpg?resize=770%2C433&amp;ssl=1 770w, https:\/\/i0.wp.com\/schwarze-welle.com\/wp-content\/uploads\/2024\/04\/FRACTILES_NO_DEATH_PLACE.jpg?resize=1170%2C658&amp;ssl=1 1170w, https:\/\/i0.wp.com\/schwarze-welle.com\/wp-content\/uploads\/2024\/04\/FRACTILES_NO_DEATH_PLACE.jpg?resize=768%2C432&amp;ssl=1 768w, https:\/\/i0.wp.com\/schwarze-welle.com\/wp-content\/uploads\/2024\/04\/FRACTILES_NO_DEATH_PLACE.jpg?resize=1536%2C864&amp;ssl=1 1536w, https:\/\/i0.wp.com\/schwarze-welle.com\/wp-content\/uploads\/2024\/04\/FRACTILES_NO_DEATH_PLACE.jpg?w=1920&amp;ssl=1 1920w\" sizes=\"(max-width: 770px) 100vw, 770px\" \/><\/p>\n<p>Hinter dem neu inszenierten Elektro-Projekt <a href=\"https:\/\/www.facebook.com\/fractiles.official\" target=\"_blank\" rel=\"noopener\">FRACTILES<\/a> stehen die beiden Vollblutmusiker <a href=\"https:\/\/www.facebook.com\/profile.php?id=100009886145884\" target=\"_blank\" rel=\"noopener\">Vasi Vallis <\/a>und <a href=\"https:\/\/www.facebook.com\/schauermorphosemusic\" target=\"_blank\" rel=\"noopener\">Christoph Schauer<\/a>, die am 18. April 2024 mit <em>\u201eNo Death Place\u201c<\/em> ihren ersten gemeinsamen \u201eAderlass\u201c ver\u00f6ffentlichten.<\/p>\n<p>Erster Befund: Ein erfrischend kreatives und heilsames Geflecht aus dunklen Synth-Klangzellen, industriellen Nervenstr\u00e4ngen und rei\u00dffesten EBM-Fasern.<\/p>\n<p>Obgleich die beiden renommierten Tonk\u00fcnstler mit FRACTILES eine \u00fcberraschend neue Behandlungsmethode anwenden, ist die DNA von Herrn Schauers Ausnahmeprojekt <a href=\"https:\/\/www.facebook.com\/Morphoseproject\" target=\"_blank\" rel=\"noopener\">MORPHOSE<\/a> doch quasi un\u00fcberh\u00f6rbar mit in \u00a0<em>\u201eNo Death Place\u201c<\/em> eingeflossen. Was meint ihr dazu?<\/p>\n<p><img data-recalc-dims=\"1\" decoding=\"async\" class=\"size-medium wp-image-9913 aligncenter\" src=\"https:\/\/i0.wp.com\/schwarze-welle.com\/wp-content\/uploads\/2024\/04\/FRACTILES-bigger-Logo.jpg?resize=543%2C770&#038;ssl=1\" alt=\"\" width=\"543\" height=\"770\" srcset=\"https:\/\/i0.wp.com\/schwarze-welle.com\/wp-content\/uploads\/2024\/04\/FRACTILES-bigger-Logo.jpg?resize=543%2C770&amp;ssl=1 543w, https:\/\/i0.wp.com\/schwarze-welle.com\/wp-content\/uploads\/2024\/04\/FRACTILES-bigger-Logo.jpg?resize=825%2C1170&amp;ssl=1 825w, https:\/\/i0.wp.com\/schwarze-welle.com\/wp-content\/uploads\/2024\/04\/FRACTILES-bigger-Logo.jpg?resize=768%2C1090&amp;ssl=1 768w, https:\/\/i0.wp.com\/schwarze-welle.com\/wp-content\/uploads\/2024\/04\/FRACTILES-bigger-Logo.jpg?resize=1083%2C1536&amp;ssl=1 1083w, https:\/\/i0.wp.com\/schwarze-welle.com\/wp-content\/uploads\/2024\/04\/FRACTILES-bigger-Logo.jpg?resize=1444%2C2048&amp;ssl=1 1444w, https:\/\/i0.wp.com\/schwarze-welle.com\/wp-content\/uploads\/2024\/04\/FRACTILES-bigger-Logo.jpg?w=1748&amp;ssl=1 1748w\" sizes=\"(max-width: 543px) 100vw, 543px\" \/><\/p>\n<p>Ihr Deb\u00fct beschreiben FRACTILES so:<\/p>\n<blockquote><p>&#8222;\u2026No Death Place&#8220; ist ein Zeugnis menschlicher Widerstandskraft, eine Ode an Beharrlichkeit und die unerm\u00fcdliche Suche nach Licht inmitten der Dunkelheit. Fraktile zeigen uns, dass wir selbst in den dunkelsten Zeiten die Kraft finden k\u00f6nnen, voranzukommen und unseren eigenen Weg zur Erl\u00f6sung zu finden.\u201c<\/p><\/blockquote>\n<p>Au\u00dfer dem entsprechenden Visualizer bleibt dem einzig hinzuzuf\u00fcgen: Wir h\u00e4tten gerne mehr vom geb\u00fcrtigen Griechen Vallis und dem zuk\u00fcnftigen &#8222;Wahlgriechen&#8220; Schauer. Vielleicht ist ja dann sogar noch ein &#8222;kleiner Syrtos&#8220; drin?<\/p>\n<p>Wir freuen uns schon darauf&#8230; <span class=\"x19la9d6 x1fc57z9 x6ikm8r x10wlt62 x19co3pv x1g5zs5t xfibh0p xiy17q3 x1xsqp64 x1lkfr7t xexx8yu x4uap5 x18d9i69 xkhd6sd\"><span class=\"xrtxmta x1bhl96m\">\ud83d\udda4<\/span><\/span><\/p>\n<p><iframe hcb-fetch-image-from=\"https:\/\/youtu.be\/HznkFI5JXiM\" title=\"FRACTILES - No Death Place (Official Music Video)\" width=\"1170\" height=\"658\" src=\"https:\/\/www.youtube.com\/embed\/HznkFI5JXiM?feature=oembed\" frameborder=\"0\" allow=\"accelerometer; autoplay; clipboard-write; encrypted-media; gyroscope; picture-in-picture; web-share\" referrerpolicy=\"strict-origin-when-cross-origin\" allowfullscreen><\/iframe><\/p>\n<h3>Websites<\/h3>\n<p><a href=\"https:\/\/www.facebook.com\/fractiles.official\" target=\"_blank\" rel=\"noopener\">https:\/\/www.facebook.com\/fractiles.official<\/a><\/p>\n<p><a href=\"https:\/\/fractiles.bandcamp.com\/\" target=\"_blank\" rel=\"noopener\">https:\/\/fractiles.bandcamp.com\/<\/a><\/p>\n<p>&nbsp;<\/p>\n<p><span data-contrast=\"auto\">Weitere redaktionelle Inhalte, Reviews, Konzertberichte, Events<\/span><span data-contrast=\"auto\"> und unseren Stream findet ihr nat\u00fcrlich auf unserer <\/span><a href=\"https:\/\/schwarze-welle.com\/\" target=\"_blank\" rel=\"noopener\"><span data-contrast=\"none\">Homepage<\/span><\/a><span data-contrast=\"auto\">. Auf <\/span><a href=\"https:\/\/www.facebook.com\/RadioSchwarzeWelle\/\" target=\"_blank\" rel=\"noopener\"><span data-contrast=\"none\">Facebook<\/span><\/a><span data-contrast=\"auto\"> und <\/span><a href=\"https:\/\/www.instagram.com\/radioschwarzewelle\" target=\"_blank\" rel=\"noopener\"><span data-contrast=\"none\">Instagram<\/span><\/a><span data-contrast=\"auto\">\u00a0<\/span><span data-contrast=\"auto\">versorgen wir euch mit aktuellen Beitr\u00e4gen und Infos zu unseren t\u00e4glichen Sendungen.<\/span><\/p>\n<h3 class=\"western\"><span style=\"color: #ff0000;\">In eigener Sache<\/span><\/h3>\n<p><span style=\"color: #000000;\">Liebe Freunde der dunklen Kl\u00e4nge,<\/span><\/p>\n<p><span style=\"color: #000000;\">Wir suchen passionierte und engagierte Menschen, die ihre Liebe zur Gothic-Musik und -Kultur teilen und unser nicht-kommerzielles Gothic Online Radio bereichern m\u00f6chten. M\u00f6chtest du ein Teil unseres Teams werden? Wir bieten dir einige M\u00f6glichkeiten, dich einzubringen.<\/span><\/p>\n<h3 class=\"western\"><span style=\"color: #000000;\">Moderation<\/span><\/h3>\n<p><span style=\"color: #000000;\">Wenn du eine Leidenschaft f\u00fcr Gothic-Musik und eine einzigartige Stimme hast, dann k\u00f6nnte die Moderation das Richtige f\u00fcr dich sein! Deine Aufgabe ist es, die Zuh\u00f6rer durch unsere Sendungen zu begleiten und eine Atmosph\u00e4re zu schaffen, die die dunkle Seite der Musik feiert. Informationen zu den Bands, Locations, Festivals und Songs geh\u00f6ren nat\u00fcrlich dazu.<\/span><\/p>\n<h3 class=\"western\"><span style=\"color: #000000;\">Redaktion<\/span><\/h3>\n<p><span style=\"color: #000000;\">Liebst du es, deine Gedanken und dein Gesp\u00fcr f\u00fcr Musik auf Papier zu bringen? Hintergrundinformationen zu K\u00fcnstlern zu recherchieren? Konzertberichte zu schreiben? CDs zu rezensieren? Als Mitglied der Redaktion kannst du Artikel, Interviews und Beitr\u00e4ge verfassen, die unsere Zuh\u00f6rer \u2013 und Leser \u2013 informieren und inspirieren.<\/span><\/p>\n<h3 class=\"western\"><span style=\"color: #000000;\">Social Media<\/span><\/h3>\n<p><span style=\"color: #000000;\">F\u00fcr unser Online Radio ist eine starke Pr\u00e4senz in den sozialen Medien entscheidend. Wenn du ein Talent f\u00fcr Social-Media-Management hast, kannst du uns dabei helfen, unsere Community auf Plattformen wie Instagram, Facebook und so weiter zu st\u00e4rken und neue H\u00f6rer anzuziehen.<\/span><\/p>\n<h3 class=\"western\"><span style=\"color: #000000;\">Word Press<\/span><\/h3>\n<p><span style=\"color: #000000;\">Unsere Webseite ist das Herzst\u00fcck unseres Radios. Wenn du Erfahrung mit WordPress hast oder bereit bist, dich in die Gestaltung und Pflege unserer Website einzuarbeiten, dann k\u00f6nnten wir dich gut gebrauchen.<\/span><\/p>\n<h3><span style=\"color: #000000;\">Radiosoftware<\/span><\/h3>\n<p><span style=\"color: #000000;\">Die Technik hinter den Kulissen ist entscheidend, um einen reibungslosen Sendebetrieb sicherzustellen. Wenn du dich mit Radiosoftware auskennst und Interesse daran hast, Teil unseres technischen Teams zu werden, freuen wir uns auf deine Unterst\u00fctzung.<\/span><\/p>\n<p><span style=\"color: #000000;\">Wenn du dich angesprochen f\u00fchlst und Teil unseres aufregenden Projekts werden m\u00f6chtest, dann schicke uns deine E-Mail an:<\/span><\/p>\n<h4 class=\"western\"><span style=\"color: #ff0000;\"><a style=\"color: #ff0000;\" href=\"mailto:bewerbung@schwarze-welle.com\" target=\"_blank\" rel=\"noopener\">bewerbung@schwarze-welle.com<\/a><\/span><\/h4>\n<p><span style=\"color: #000000;\">Teile uns mit, f\u00fcr welche Position du dich interessierst, und warum du dich f\u00fcr unser Gothic Online Radio engagieren m\u00f6chtest.<\/span><\/p>\n<p><span style=\"color: #000000;\">Gemeinsam k\u00f6nnen wir die dunkle Seite der Musik feiern und eine lebendige Community aufbauen! Worauf wartest du? Mach mit!<\/span><\/p>\n<p>&nbsp;<\/p>\n","protected":false},"excerpt":{"rendered":"<p>Hinter dem neu inszenierten Elektro-Projekt FRACTILES stehen die beiden Vollblutmusiker Vasi Vallis und Christoph Schauer, die am 18. April 2024 mit \u201eNo Death Place\u201c ihren ersten gemeinsamen \u201eAderlass\u201c ver\u00f6ffentlichten. Erster Befund: Ein erfrischend kreatives und heilsames Geflecht aus dunklen Synth-Klangzellen, industriellen Nervenstr\u00e4ngen und rei\u00dffesten EBM-Fasern. Obgleich die beiden renommierten Tonk\u00fcnstler ...<\/p>\n","protected":false},"author":5,"featured_media":9912,"comment_status":"closed","ping_status":"closed","sticky":false,"template":"","format":"standard","meta":{"_acf_changed":false,"ngg_post_thumbnail":0,"_jetpack_memberships_contains_paid_content":false,"footnotes":""},"categories":[21,17],"tags":[1075,936,1068,2474,2477,2470,2473,861,2476,2471,2475,590,2472],"class_list":["post-9911","post","type-post","status-publish","format-standard","has-post-thumbnail","hentry","category-bandvorstellung","category-news","tag-cyberpunk","tag-dark-electro","tag-debuet","tag-dna","tag-elektro-projekt","tag-fractiles","tag-industial","tag-morphose","tag-neue-behandlungsmethode","tag-no-death-place","tag-sirtaki","tag-vasi-vallis","tag-wegweisend"],"acf":[],"jetpack_featured_media_url":"https:\/\/i0.wp.com\/schwarze-welle.com\/wp-content\/uploads\/2024\/04\/FRACTILES_NO_DEATH_PLACE.jpg?fit=1920%2C1080&ssl=1","jetpack_sharing_enabled":true,"_links":{"self":[{"href":"https:\/\/schwarze-welle.com\/index.php?rest_route=\/wp\/v2\/posts\/9911","targetHints":{"allow":["GET"]}}],"collection":[{"href":"https:\/\/schwarze-welle.com\/index.php?rest_route=\/wp\/v2\/posts"}],"about":[{"href":"https:\/\/schwarze-welle.com\/index.php?rest_route=\/wp\/v2\/types\/post"}],"author":[{"embeddable":true,"href":"https:\/\/schwarze-welle.com\/index.php?rest_route=\/wp\/v2\/users\/5"}],"replies":[{"embeddable":true,"href":"https:\/\/schwarze-welle.com\/index.php?rest_route=%2Fwp%2Fv2%2Fcomments&post=9911"}],"version-history":[{"count":5,"href":"https:\/\/schwarze-welle.com\/index.php?rest_route=\/wp\/v2\/posts\/9911\/revisions"}],"predecessor-version":[{"id":9922,"href":"https:\/\/schwarze-welle.com\/index.php?rest_route=\/wp\/v2\/posts\/9911\/revisions\/9922"}],"wp:featuredmedia":[{"embeddable":true,"href":"https:\/\/schwarze-welle.com\/index.php?rest_route=\/wp\/v2\/media\/9912"}],"wp:attachment":[{"href":"https:\/\/schwarze-welle.com\/index.php?rest_route=%2Fwp%2Fv2%2Fmedia&parent=9911"}],"wp:term":[{"taxonomy":"category","embeddable":true,"href":"https:\/\/schwarze-welle.com\/index.php?rest_route=%2Fwp%2Fv2%2Fcategories&post=9911"},{"taxonomy":"post_tag","embeddable":true,"href":"https:\/\/schwarze-welle.com\/index.php?rest_route=%2Fwp%2Fv2%2Ftags&post=9911"}],"curies":[{"name":"wp","href":"https:\/\/api.w.org\/{rel}","templated":true}]}}