{"id":9602,"date":"2024-02-27T20:41:36","date_gmt":"2024-02-27T19:41:36","guid":{"rendered":"https:\/\/schwarze-welle.com\/?p=9602"},"modified":"2024-02-27T20:41:36","modified_gmt":"2024-02-27T19:41:36","slug":"calling-mitten-in-der-nacht-ist-nicht-nur-platronics-neueste-single","status":"publish","type":"post","link":"https:\/\/schwarze-welle.com\/?p=9602","title":{"rendered":"&#8218;Calling &#8230; Mitten in der Nacht&#8216; ist nicht nur PLATRONICs neueste Single &#8230;"},"content":{"rendered":"<p>Was f\u00fcr ein fieser Cliffhanger direkt in der Headline, wa?!<br \/>\nWenn ihr das hier lest, hat es doch aber zumindest schon mal funktioniert.<br \/>\nAber nun wollen wir euch nicht l\u00e4nger auf die Folter spannen, sondern kommen direkt zum Thema:<br \/>\n<a href=\"https:\/\/www.facebook.com\/platronic\" target=\"_blank\" rel=\"noopener\"><strong>PLATRONIC<\/strong><\/a> haben ausgerechnet am EBM- Tag ihren vierten Bandgeburtstag gefeiert.<br \/>\nUnd nat\u00fcrlich m\u00f6chten sie uns, respektive euch mittels &#8218;<em>Calling &#8230; Mitten in der Nacht<\/em>&#8218; daran teilhaben lassen.<br \/>\nAlso, nix da mit kleinem Kaffeekr\u00e4nzchen nahe des Polarkreises, mitten im arktischen Winter!<\/p>\n<p>&nbsp;<\/p>\n<p><img data-recalc-dims=\"1\" fetchpriority=\"high\" decoding=\"async\" class=\"aligncenter size-large wp-image-9605\" src=\"https:\/\/i0.wp.com\/schwarze-welle.com\/wp-content\/uploads\/2024\/02\/Platronic_grid_1.jpg?resize=1170%2C1170&#038;ssl=1\" alt=\"Das Promo- Foto von PLATRONIC zeigt das Duo in schwarz\/ Wei\u00df vor einer Lichtpunktwand.\" width=\"1170\" height=\"1170\" srcset=\"https:\/\/i0.wp.com\/schwarze-welle.com\/wp-content\/uploads\/2024\/02\/Platronic_grid_1.jpg?resize=1170%2C1170&amp;ssl=1 1170w, https:\/\/i0.wp.com\/schwarze-welle.com\/wp-content\/uploads\/2024\/02\/Platronic_grid_1.jpg?resize=770%2C770&amp;ssl=1 770w, https:\/\/i0.wp.com\/schwarze-welle.com\/wp-content\/uploads\/2024\/02\/Platronic_grid_1.jpg?resize=150%2C150&amp;ssl=1 150w, https:\/\/i0.wp.com\/schwarze-welle.com\/wp-content\/uploads\/2024\/02\/Platronic_grid_1.jpg?resize=768%2C768&amp;ssl=1 768w, https:\/\/i0.wp.com\/schwarze-welle.com\/wp-content\/uploads\/2024\/02\/Platronic_grid_1.jpg?resize=1536%2C1536&amp;ssl=1 1536w, https:\/\/i0.wp.com\/schwarze-welle.com\/wp-content\/uploads\/2024\/02\/Platronic_grid_1.jpg?resize=2048%2C2048&amp;ssl=1 2048w, https:\/\/i0.wp.com\/schwarze-welle.com\/wp-content\/uploads\/2024\/02\/Platronic_grid_1.jpg?resize=100%2C100&amp;ssl=1 100w, https:\/\/i0.wp.com\/schwarze-welle.com\/wp-content\/uploads\/2024\/02\/Platronic_grid_1.jpg?resize=370%2C370&amp;ssl=1 370w\" sizes=\"(max-width: 1170px) 100vw, 1170px\" \/><\/p>\n<p>&nbsp;<\/p>\n<h4>Calling &#8230; Mitten in der Nacht<\/h4>\n<p>Dem Autor dieser Zeilen bef\u00e4llt allein beim Lesen des Titelnamens ein leichtes Grinsen. Er m\u00f6chte sofort &#8222;Ruhest\u00f6rung&#8220; rufen und den Stecker des Telefons ziehen. Aber hey, wegen solcher Denkweisen darf er ja hier am Schreibtisch hocken und euch mit seinen Erg\u00fcssen qu\u00e4len, b\u00e4tsch!<\/p>\n<p>&#8218;<em>Calling &#8230; Mitten in der Nacht<\/em>&#8218; ist insbesondere f\u00fcr PLATRONIC ein ganz au\u00dfergew\u00f6hnliches St\u00fcck. Hier ist nahezu alles anders, als im bisherigen Portfolio des Duos.<br \/>\nHier tauchen Industrial- Samples auf, schwere Gitarrens\u00e4tze und dazu mystische Synths im Stile alter Gruselfilme. Das Beste jedoch: wir h\u00f6ren eine d\u00fcstere Kurzgeschichte, quasi ein in Melodien gepacktes H\u00f6rspiel. Und damit wir davon etwas haben, Singt Frau BURDON den Text auf deutsch. Ganz nebenbei beweist sie damit, das deutsche Sprache durchaus elegant verwendbar ist, weder brutal noch schlagerhaft verwaschen sein muss. Allein daf\u00fcr an dieser Stelle ein ganz gro\u00dfer Dank in Richtung dieses finnisch- deutschen Gef\u00fcges.<\/p>\n<p>Passend dazu bekommt ihr ein wundervolles Video, welches unter anderem in der n\u00f6rdlichsten mittelalterlichen Burg der Welt (&#8222;Olavonlinna&#8220;, so etwas wissen auch wir nur dank der Auskunft der Band; Anm. der Redaktion) und in einem Radio- &amp; TV- Museum in Lahti\/ Finnland gedreht wurde.<\/p>\n<p>Wir finden, es sind ein toller Song und ein beachtliches Video geworden. Daher hier die Empfehlung zum visuellen und ohralen (&#8218;Tschuldigung, diesen schlechten Wortwitz konnte der Autor sich gerade nicht verkneifen; Verteidigung der Redaktionsleitung) Genuss&nbsp; durch euch.<\/p>\n<p>&nbsp;<\/p>\n<p><iframe hcb-fetch-image-from=\"https:\/\/youtu.be\/HhRpawCgorQ\" title=\"Platronic - Calling ...mitten In der Nacht (official video)\" width=\"1170\" height=\"658\" src=\"https:\/\/www.youtube.com\/embed\/HhRpawCgorQ?feature=oembed\" frameborder=\"0\" allow=\"accelerometer; autoplay; clipboard-write; encrypted-media; gyroscope; picture-in-picture; web-share\" allowfullscreen><\/iframe><\/p>\n<p>&nbsp;<\/p>\n<h4>Facts<\/h4>\n<p>Die Single &#8218;<em>Calling &#8230; Mitten in der Nacht<\/em>&#8218; bekommt ihr (neben all den anderen Werken der Band) auf <a href=\"https:\/\/platronic.bandcamp.com\/\" target=\"_blank\" rel=\"noopener\">Bandcamp<\/a>, dieses und weitere Videos auf <a href=\"https:\/\/youtube.com\/c\/PlatronicMusic\" target=\"_blank\" rel=\"noopener\">Youtube<\/a>, nat\u00fcrlich findet ihr das Duo auch auf Spotify &amp; Co.<br \/>\nImmer ganz nah dran an dieser Formation seid ihr per <a href=\"https:\/\/www.facebook.com\/platronic\" target=\"_blank\" rel=\"noopener\">Facebook<\/a> und <a href=\"https:\/\/www.instagram.com\/platronic_music\" target=\"_blank\" rel=\"noopener\">Instagram<\/a>. Gern k\u00f6nnt ihr die Band auch per Voting in den diversen Charts wie GEWC, Klangwald etc unterst\u00fctzen.<\/p>\n<p><span data-contrast=\"auto\">Weitere redaktionelle Inhalte, Konzertberichte, Events, Reviews und nat\u00fcrlich unseren Stream findet ihr auf unserer&nbsp;<\/span><a href=\"https:\/\/schwarze-welle.com\/\" target=\"_blank\" rel=\"noopener\"><span data-contrast=\"none\">Homepage<\/span><\/a><span data-contrast=\"auto\">. Auf&nbsp;<\/span><a href=\"https:\/\/www.facebook.com\/RadioSchwarzeWelle\/\" target=\"_blank\" rel=\"noopener\"><span data-contrast=\"none\">Facebook<\/span><\/a><span data-contrast=\"auto\">&nbsp;und&nbsp;<\/span><a href=\"https:\/\/www.instagram.com\/radioschwarzewelle\" target=\"_blank\" rel=\"noopener\"><span data-contrast=\"none\">Instagram<\/span><\/a><span data-contrast=\"auto\">&nbsp;<\/span><span data-contrast=\"auto\">versorgen wir euch mit aktuellen Beitr\u00e4gen und Infos zu unseren t\u00e4glichen Sendungen.&nbsp;&nbsp;<\/span><span data-ccp-props=\"{&quot;201341983&quot;:0,&quot;335559685&quot;:-20,&quot;335559737&quot;:-20,&quot;335559739&quot;:160,&quot;335559740&quot;:259}\">&nbsp;<\/span><\/p>\n<div class=\"x11i5rnm xat24cr x1mh8g0r x1vvkbs xtlvy1s x126k92a\">\n<div dir=\"auto\"><span style=\"color: #993366;\">Liebe Freunde der dunklen Kl\u00e4nge,<\/span><\/div>\n<\/div>\n<div class=\"x11i5rnm xat24cr x1mh8g0r x1vvkbs xtlvy1s x126k92a\">\n<div dir=\"auto\"><span style=\"color: #993366;\">Wir suchen passionierte und engagierte Menschen, die unsere Liebe zur Gothic-Musik und -Kultur teilen und unser nicht-kommerzielles Gothic Online Radio bereichern m\u00f6chten. M\u00f6chtest du ein Teil unseres Teams werden? Wir bieten dir einige M\u00f6glichkeiten, dich einzubringen.<\/span><\/div>\n<div dir=\"auto\">&nbsp;<\/div>\n<div dir=\"auto\">\n<div class=\"x11i5rnm xat24cr x1mh8g0r x1vvkbs xtlvy1s x126k92a\">\n<h4 dir=\"auto\"><span style=\"color: #993366;\">Moderation<\/span><\/h4>\n<div dir=\"auto\"><span style=\"color: #993366;\">Wenn du eine Leidenschaft f\u00fcr Gothic-Musik und eine einzigartige Stimme hast, dann k\u00f6nnte die Moderation das Richtige f\u00fcr dich sein! Deine Aufgabe ist es, die Zuh\u00f6rer durch unsere Sendungen zu begleiten und eine Atmosph\u00e4re zu schaffen, die die dunkle Seite der Musik feiert. Informationen zu den Bands, Locations, Festivals und Songs geh\u00f6ren nat\u00fcrlich dazu.<\/span><\/div>\n<div dir=\"auto\">&nbsp;<\/div>\n<\/div>\n<div class=\"x11i5rnm xat24cr x1mh8g0r x1vvkbs xtlvy1s x126k92a\">\n<h4 dir=\"auto\"><span style=\"color: #993366;\">Redaktion<\/span><\/h4>\n<div dir=\"auto\"><span style=\"color: #993366;\">Liebst du es, deine Gedanken und dein Gesp\u00fcr f\u00fcr Musik auf Papier zu bringen? Hintergrundinformationen zu K\u00fcnstlern zu recherchieren? Konzertberichte zu schreiben? CDs zu rezensieren? Als Mitglied der Redaktion kannst du Artikel, Interviews und Beitr\u00e4ge verfassen, die unsere Zuh\u00f6rer \u2013 und Leser \u2013 informieren und inspirieren.<\/span><\/div>\n<div dir=\"auto\">&nbsp;<\/div>\n<\/div>\n<div class=\"x11i5rnm xat24cr x1mh8g0r x1vvkbs xtlvy1s x126k92a\">\n<h4 dir=\"auto\"><span style=\"color: #993366;\">Social Media<\/span><\/h4>\n<div dir=\"auto\"><span style=\"color: #993366;\">F\u00fcr unser Online Radio ist eine starke Pr\u00e4senz in den sozialen Medien entscheidend. Wenn du ein Talent f\u00fcr Social-Media-Management hast, kannst du uns dabei helfen, unsere Community auf Plattformen wie Instagram, Facebook und so weiter zu st\u00e4rken und neue H\u00f6rer anzuziehen.<\/span><\/div>\n<div dir=\"auto\">&nbsp;<\/div>\n<\/div>\n<div class=\"x11i5rnm xat24cr x1mh8g0r x1vvkbs xtlvy1s x126k92a\">\n<h4 dir=\"auto\"><span style=\"color: #993366;\">WordPress<\/span><\/h4>\n<div dir=\"auto\"><span style=\"color: #993366;\">Unsere Webseite ist das Herzst\u00fcck unseres Radios. Wenn du Erfahrung mit WordPress hast oder bereit bist, dich in die Gestaltung und Pflege unserer Website einzuarbeiten, dann k\u00f6nnten wir dich gut gebrauchen.<\/span><\/div>\n<div dir=\"auto\">&nbsp;<\/div>\n<\/div>\n<div class=\"x11i5rnm xat24cr x1mh8g0r x1vvkbs xtlvy1s x126k92a\">\n<h4 dir=\"auto\"><span style=\"color: #993366;\">Radiosoftware<\/span><\/h4>\n<div dir=\"auto\"><span style=\"color: #993366;\">Die Technik hinter den Kulissen ist entscheidend, um einen reibungslosen Sendebetrieb sicherzustellen. Wenn du dich mit Radiosoftware auskennst und Interesse daran hast, Teil unseres technischen Teams zu werden, freuen wir uns auf deine Unterst\u00fctzung.<\/span><\/div>\n<\/div>\n<div class=\"x11i5rnm xat24cr x1mh8g0r x1vvkbs xtlvy1s x126k92a\">\n<div dir=\"auto\"><span style=\"color: #993366;\">Wenn du dich angesprochen f\u00fchlst und Teil unseres aufregenden Projekts werden m\u00f6chtest, dann schicke uns deine E-Mail an:<\/span><\/div>\n<div dir=\"auto\">&nbsp;<\/div>\n<\/div>\n<div class=\"x11i5rnm xat24cr x1mh8g0r x1vvkbs xtlvy1s x126k92a\">\n<h4 dir=\"auto\"><span style=\"color: #993366;\"><a style=\"color: #993366;\" href=\"mailto:bewerbung@schwarze-welle.com\" target=\"_blank\" rel=\"noopener\">bewerbung@schwarze-welle.com<\/a><\/span><\/h4>\n<div dir=\"auto\">&nbsp;<\/div>\n<div dir=\"auto\"><span style=\"color: #993366;\">Teile uns mit, f\u00fcr welche Position du dich interessierst, und warum du dich f\u00fcr unser Gothic Online Radio engagieren m\u00f6chtest.<\/span><\/div>\n<\/div>\n<div class=\"x11i5rnm xat24cr x1mh8g0r x1vvkbs xtlvy1s x126k92a\">\n<div dir=\"auto\"><span style=\"color: #993366;\">Gemeinsam k\u00f6nnen wir die dunkle Seite der Musik feiern und eine lebendige Community aufbauen! Worauf wartest du? Mach mit!<\/span><\/div>\n<\/div>\n<\/div>\n<\/div>\n","protected":false},"excerpt":{"rendered":"<p>Was f\u00fcr ein fieser Cliffhanger direkt in der Headline, wa?! Wenn ihr das hier lest, hat es doch aber zumindest schon mal funktioniert. Aber nun wollen wir euch nicht l\u00e4nger auf die Folter spannen, sondern kommen direkt zum Thema: PLATRONIC haben ausgerechnet am EBM- Tag ihren vierten Bandgeburtstag gefeiert. Und ...<\/p>\n","protected":false},"author":15,"featured_media":9603,"comment_status":"closed","ping_status":"closed","sticky":false,"template":"","format":"standard","meta":{"_acf_changed":false,"ngg_post_thumbnail":0,"_jetpack_memberships_contains_paid_content":false,"footnotes":""},"categories":[18,17],"tags":[1025,2211,2209,1954,2207,2208,2210,2205,1330,952,399,1950,2206,930,270,602],"class_list":["post-9602","post","type-post","status-publish","format-standard","has-post-thumbnail","hentry","category-cd-news","category-news","tag-avantgarde","tag-calling-mitten-in-der-nacht","tag-deutsche-lyrik","tag-finnisch-deutsch","tag-from-finnland-with-love","tag-funkelndes-dunkelbunt","tag-gutes-werk","tag-kay","tag-macht-spass","tag-neu","tag-news","tag-platronic","tag-sami","tag-single","tag-synthpop","tag-video"],"acf":[],"jetpack_featured_media_url":"https:\/\/i0.wp.com\/schwarze-welle.com\/wp-content\/uploads\/2024\/02\/Platronic-Calling_cover-artwork_3000x3000px-scaled.jpg?fit=2560%2C2560&ssl=1","jetpack_sharing_enabled":true,"_links":{"self":[{"href":"https:\/\/schwarze-welle.com\/index.php?rest_route=\/wp\/v2\/posts\/9602","targetHints":{"allow":["GET"]}}],"collection":[{"href":"https:\/\/schwarze-welle.com\/index.php?rest_route=\/wp\/v2\/posts"}],"about":[{"href":"https:\/\/schwarze-welle.com\/index.php?rest_route=\/wp\/v2\/types\/post"}],"author":[{"embeddable":true,"href":"https:\/\/schwarze-welle.com\/index.php?rest_route=\/wp\/v2\/users\/15"}],"replies":[{"embeddable":true,"href":"https:\/\/schwarze-welle.com\/index.php?rest_route=%2Fwp%2Fv2%2Fcomments&post=9602"}],"version-history":[{"count":3,"href":"https:\/\/schwarze-welle.com\/index.php?rest_route=\/wp\/v2\/posts\/9602\/revisions"}],"predecessor-version":[{"id":9618,"href":"https:\/\/schwarze-welle.com\/index.php?rest_route=\/wp\/v2\/posts\/9602\/revisions\/9618"}],"wp:featuredmedia":[{"embeddable":true,"href":"https:\/\/schwarze-welle.com\/index.php?rest_route=\/wp\/v2\/media\/9603"}],"wp:attachment":[{"href":"https:\/\/schwarze-welle.com\/index.php?rest_route=%2Fwp%2Fv2%2Fmedia&parent=9602"}],"wp:term":[{"taxonomy":"category","embeddable":true,"href":"https:\/\/schwarze-welle.com\/index.php?rest_route=%2Fwp%2Fv2%2Fcategories&post=9602"},{"taxonomy":"post_tag","embeddable":true,"href":"https:\/\/schwarze-welle.com\/index.php?rest_route=%2Fwp%2Fv2%2Ftags&post=9602"}],"curies":[{"name":"wp","href":"https:\/\/api.w.org\/{rel}","templated":true}]}}