{"id":6219,"date":"2022-11-15T05:00:10","date_gmt":"2022-11-15T04:00:10","guid":{"rendered":"https:\/\/schwarze-welle.com\/?p=6219"},"modified":"2022-11-13T20:26:28","modified_gmt":"2022-11-13T19:26:28","slug":"blackbook-confessions-of-the-innocent","status":"publish","type":"post","link":"https:\/\/schwarze-welle.com\/?p=6219","title":{"rendered":"BLACKBOOK &#8211; &#8218;Confessions Of The Innocent&#8216;"},"content":{"rendered":"<p>Das Schweizerisch -Niederl\u00e4ndische Duo <a href=\"https:\/\/www.facebook.com\/blackbook\" target=\"_blank\" rel=\"noopener\"><strong>BLACKBOOK<\/strong><\/a> hat bereits am 14.Oktober 2022 sein neues Album &#8218;<em>Confessions Of The Innocent<\/em>&#8218; released und wir, die Redaktion von RADIO SCHWARZE WELLE, haben es endlich geschafft \u2013 bei all dem Trubel in dieser an Releases reichen und turbulenten Zeit \u2013 dem Werk unsere volle Aufmerksamkeit zu widmen.<\/p>\n<p>&nbsp;<\/p>\n<p><img data-recalc-dims=\"1\" fetchpriority=\"high\" decoding=\"async\" class=\"aligncenter size-full wp-image-6224\" src=\"https:\/\/i0.wp.com\/schwarze-welle.com\/wp-content\/uploads\/2022\/11\/BLACKBOOK-BLACK.png?resize=640%2C109&#038;ssl=1\" alt=\"BLACKBOOK Logo\" width=\"640\" height=\"109\" \/><\/p>\n<p>&nbsp;<\/p>\n<p>BLACKBOOK wurde von zwei erfolgreichen und etablierten K\u00fcnstlern gegr\u00fcndet, die nicht viel von sich Preis geben, weshalb man sie nur mit Fechtmasken sieht.<br \/>\nNach einer kleinen Recherche haben wir bereits <a href=\"https:\/\/schwarze-welle.com\/?p=2928\" target=\"_blank\" rel=\"noopener\">hier<\/a> (klickt da ruhig drauf, lesen lohnt und wird belohnt; Anm. der Redaktion) herausgefunden, dass der niederl\u00e4ndische S\u00e4nger den Namen Albert Den Dekker tr\u00e4gt und der Schweizer Produzent Matthias Kr\u00e4utli hei\u00dft. Letzterer ist f\u00fcr viele Radiohits, sowie f\u00fcr den Titelsong einer erfolgreichen Netflix-Serie verantwortlich. Sein Partner ist als Musiker mit verschiedenen Projekten besch\u00e4ftigt, die in Europa die Spitze der Charts erobert haben.<\/p>\n<p>Ihre Einfl\u00fcsse reichen von Indie-Pop, Jungle, Dark Wave \u00fcber Electropop und EDM bis hin zu der weltweit gefeierten Band DEPECHE MODE, was ihrer Musik einen Touch verleiht, der Lust auf mehr macht. Leihe deine Ohren diesem unvergleichlichen Duo und ihrem, wie wir finden, umwerfendem Deb\u00fctalbum &#8218;<em>Confessions Of The Innocent<\/em>&#8218;\u201c. Eine wunderbare Fusion, die so fesselnd ist, dass man sie auf Dauerschleife h\u00f6ren m\u00f6chte.<\/p>\n<p>&nbsp;<\/p>\n<p><img data-recalc-dims=\"1\" decoding=\"async\" class=\"aligncenter size-medium wp-image-6222\" src=\"https:\/\/i0.wp.com\/schwarze-welle.com\/wp-content\/uploads\/2022\/11\/BLACKBOOK-1.jpg?resize=770%2C513&#038;ssl=1\" alt=\"BLACKBOOK Promo 2022\" width=\"770\" height=\"513\" srcset=\"https:\/\/i0.wp.com\/schwarze-welle.com\/wp-content\/uploads\/2022\/11\/BLACKBOOK-1-scaled.jpg?resize=770%2C513&amp;ssl=1 770w, https:\/\/i0.wp.com\/schwarze-welle.com\/wp-content\/uploads\/2022\/11\/BLACKBOOK-1-scaled.jpg?resize=1170%2C780&amp;ssl=1 1170w, https:\/\/i0.wp.com\/schwarze-welle.com\/wp-content\/uploads\/2022\/11\/BLACKBOOK-1-scaled.jpg?resize=768%2C512&amp;ssl=1 768w, https:\/\/i0.wp.com\/schwarze-welle.com\/wp-content\/uploads\/2022\/11\/BLACKBOOK-1-scaled.jpg?resize=1536%2C1024&amp;ssl=1 1536w, https:\/\/i0.wp.com\/schwarze-welle.com\/wp-content\/uploads\/2022\/11\/BLACKBOOK-1-scaled.jpg?resize=2048%2C1365&amp;ssl=1 2048w, https:\/\/i0.wp.com\/schwarze-welle.com\/wp-content\/uploads\/2022\/11\/BLACKBOOK-1-scaled.jpg?w=2340&amp;ssl=1 2340w\" sizes=\"(max-width: 770px) 100vw, 770px\" \/><\/p>\n<p>&nbsp;<\/p>\n<h4>Ein Zaunkampf zwischen Emotionen und Melodie!<\/h4>\n<p>Dies erschafft das Werk &#8218;<em>Confessions Of The Innocent<\/em>&#8218; durch eine Mischung aus verschiedenen Klangwelten voller Emotionen und Intensit\u00e4t. Alles verkn\u00fcpft mit dem Herzen des New Wave der 80er Jahre, gefiltert durch eine moderne Linse. Eine Fusion, die so faszinierend ist, dass sie das Eigene immer wieder aufs Neue in hohem Rhythmus schlagen l\u00e4sst, wieder und wieder ohne Pause.<\/p>\n<p>Das Album enth\u00e4lt eing\u00e4ngige Songs, die Themen aus allen Aspekten des Lebens ansprechen und demzufolge auch etwas zu sagen haben, wie zum Beispiel der innere Kampf im Gedankenpalast oder die unbeschreiblichen Wahrheiten der Gesellschaft, Liebe, Scham, Rebellion, Ver\u00e4nderungen bis hin zu Isolation w\u00e4hrend der Pandemie und dem globalen Widerstand.<\/p>\n<p><iframe hcb-fetch-image-from=\"https:\/\/youtu.be\/uWpYjkBEPtM\" title=\"BLACKBOOK - My Beautiful Witch (Official Video) | darkTunes Music Group\" width=\"1170\" height=\"658\" src=\"https:\/\/www.youtube.com\/embed\/uWpYjkBEPtM?feature=oembed\" frameborder=\"0\" allow=\"accelerometer; autoplay; clipboard-write; encrypted-media; gyroscope; picture-in-picture\" allowfullscreen><\/iframe><\/p>\n<p>Die Welt von BLACKBOOK ist nicht nur Schwarz und Wei\u00df, sondern voller wunderbarer Nuancen. Und dies zeigen sie, indem sie dich mit Songs wie <em>&#8222;My Beautiful Witch&#8220;<\/em> in sch\u00f6nste Erinnerungen versetzen und bei <em>&#8222;Love Is A Crime&#8220;<\/em> mit queerer Gleichberechtigung intellektuell herausfordern. Die Single <em>\u201ePeople Are Fake\u201c<\/em> aus dem Jahr 2020 ist eine Aussage die alle herausfordert: ihre Fans, Ihre Freunde, auch deine Lieblingsband. Bei dem Song <em>\u201eMinefield\u201c<\/em> wird hier die Frage gestellt ob dein Leben ein Minenfeld ist und wie man dich besch\u00fctzen kann. Zum Beispiel, indem ich dir zu h\u00f6re, dich frage ob alles gut ist? Dir zeige was Liebe ist und dass das Leben nicht nur aus schwarz und wei\u00df besteht. Ich bin dein Schutzschild. Mit dem Song <em>\u201eI Dance Alone\u201c<\/em><\/p>\n<blockquote><p>Fliehe ich aus dem Alltag der viele H\u00f6hen und Tiefen mit sich bringt, jedem alles recht zu machen\u201c all die L\u00fcgen und Sorgen\u201c zu ertragen. Es gibt nur den einen bestimmte Abend dieser ist f\u00fcr mich ganz alleine. Ich tanze und tanze, verschmelze mit dem Boden zu einer Einheit.<\/p><\/blockquote>\n<p>Dies sind nur kleine Ausz\u00fcge aus dem besagten Album. Wir von der Redaktion RSW sind \u00fcberw\u00e4ltigt und wippen immer noch den Fu\u00df im Takt mit, es lohnt sich um in die Welt des Duos einzutauchen und ihre Faszination zu verstehen.<\/p>\n<h4>Fazit<\/h4>\n<p>Das Album ist ein must have! Wir kommen zu der Erkenntnis, dass in unserer schwarzen Szene ruhig ein bisschen bunter Konfetti gestreut werden darf. So viel Leidenschaft und Faszination auf einmal findet man selten. Dauerbrenner und Ohrwurm- Garantie geben wir euch mit auf den Weg.<\/p>\n<p><strong>Tracklist<\/strong><\/p>\n<ol>\n<li>Love Is A Crime<\/li>\n<li>\u00a0My Beautiful Witch<\/li>\n<li>Nobody Home<\/li>\n<li>Minefield<\/li>\n<li>People Are Fake<\/li>\n<li>I Dance Alone<\/li>\n<li>This Is Not My World Anymore<\/li>\n<li>My Darkest Memory<\/li>\n<li>Lab Rats<\/li>\n<li>Arms Around The World<\/li>\n<li>Slowlove<\/li>\n<li>Emergency Love<\/li>\n<li>Julius Caesar<\/li>\n<li>Join Us<\/li>\n<\/ol>\n<p>Release war bereits im Oktober diesen Jahres auf <a href=\"https:\/\/www.facebook.com\/darkTunesMusic\" target=\"_blank\" rel=\"noopener\">DARK TUNES<\/a>. Ihr k\u00f6nnt es auf <a href=\"https:\/\/blackbookofficial.bandcamp.com\/\" target=\"_blank\" rel=\"noopener\">Bandcamp<\/a> oder im gut sortierten Musikhandel erwerben.<\/p>\n<p>Unseren Stream und viele weitere redaktionelle Inhalte bekommt ihr auf unserer\u00a0<a href=\"https:\/\/schwarze-welle.com\/\">Website<\/a>, aktuelle Artikel und mehr auf unserer\u00a0<a href=\"https:\/\/www.facebook.com\/RadioSchwarzeWelle\">Facebook<\/a>\u00a0Pr\u00e4senz.<\/p>\n","protected":false},"excerpt":{"rendered":"<p>Das Schweizerisch -Niederl\u00e4ndische Duo BLACKBOOK hat bereits am 14.Oktober 2022 sein neues Album &#8218;Confessions Of The Innocent&#8218; released und wir, die Redaktion von RADIO SCHWARZE WELLE, haben es endlich geschafft \u2013 bei all dem Trubel in dieser an Releases reichen und turbulenten Zeit \u2013 dem Werk unsere volle Aufmerksamkeit zu ...<\/p>\n","protected":false},"author":16,"featured_media":6221,"comment_status":"closed","ping_status":"closed","sticky":false,"template":"","format":"standard","meta":{"_acf_changed":false,"ngg_post_thumbnail":0,"_jetpack_memberships_contains_paid_content":false,"footnotes":""},"categories":[19],"tags":[1067,949,448,1066,1071,1072,1068,1070,1021,532,1069,270],"class_list":["post-6219","post","type-post","status-publish","format-standard","has-post-thumbnail","hentry","category-cd-reviews","tag-1067","tag-album","tag-blackbook","tag-confessions-of-the-innocent","tag-dark-edm","tag-dark-pop","tag-debuet","tag-indie-pop","tag-review","tag-schweiz","tag-schweizerisch-niederlaendisch","tag-synthpop"],"acf":[],"jetpack_featured_media_url":"https:\/\/i0.wp.com\/schwarze-welle.com\/wp-content\/uploads\/2022\/11\/BLACKBOOK_Album_Cover3000px-scaled.jpg?fit=2560%2C2560&ssl=1","jetpack_sharing_enabled":true,"_links":{"self":[{"href":"https:\/\/schwarze-welle.com\/index.php?rest_route=\/wp\/v2\/posts\/6219","targetHints":{"allow":["GET"]}}],"collection":[{"href":"https:\/\/schwarze-welle.com\/index.php?rest_route=\/wp\/v2\/posts"}],"about":[{"href":"https:\/\/schwarze-welle.com\/index.php?rest_route=\/wp\/v2\/types\/post"}],"author":[{"embeddable":true,"href":"https:\/\/schwarze-welle.com\/index.php?rest_route=\/wp\/v2\/users\/16"}],"replies":[{"embeddable":true,"href":"https:\/\/schwarze-welle.com\/index.php?rest_route=%2Fwp%2Fv2%2Fcomments&post=6219"}],"version-history":[{"count":0,"href":"https:\/\/schwarze-welle.com\/index.php?rest_route=\/wp\/v2\/posts\/6219\/revisions"}],"wp:featuredmedia":[{"embeddable":true,"href":"https:\/\/schwarze-welle.com\/index.php?rest_route=\/wp\/v2\/media\/6221"}],"wp:attachment":[{"href":"https:\/\/schwarze-welle.com\/index.php?rest_route=%2Fwp%2Fv2%2Fmedia&parent=6219"}],"wp:term":[{"taxonomy":"category","embeddable":true,"href":"https:\/\/schwarze-welle.com\/index.php?rest_route=%2Fwp%2Fv2%2Fcategories&post=6219"},{"taxonomy":"post_tag","embeddable":true,"href":"https:\/\/schwarze-welle.com\/index.php?rest_route=%2Fwp%2Fv2%2Ftags&post=6219"}],"curies":[{"name":"wp","href":"https:\/\/api.w.org\/{rel}","templated":true}]}}