{"id":4870,"date":"2022-06-29T19:04:27","date_gmt":"2022-06-29T17:04:27","guid":{"rendered":"https:\/\/schwarze-welle.com\/?p=4870"},"modified":"2022-06-29T19:04:27","modified_gmt":"2022-06-29T17:04:27","slug":"sinners-day-summer-2022-hand-in-hand-am-strand","status":"publish","type":"post","link":"https:\/\/schwarze-welle.com\/?p=4870","title":{"rendered":"Sinner\u2019s Day Summer 2022- Hand in Hand am Strand"},"content":{"rendered":"<p><span class=\"TextRun SCXW226805877 BCX8\" lang=\"DE-DE\" xml:lang=\"DE-DE\" data-contrast=\"auto\"><span class=\"NormalTextRun SCXW226805877 BCX8\">Das klingt im ersten Moment zwar wahnsinnig romantisch, doch tats\u00e4chlich versteckt sich hinter der ganzen Romantik wahrlich ein Haufen Arbeit, die in erster Linie durch eine gut funktionierende Team-Leistung, eben Hand in Hand, verrichtet wird. Denn diese braucht es einfach, um ein Projekt in ein phantastisches und erfolgreiches Event zu verwandeln.<\/span><\/span> <span class=\"EOP SCXW226805877 BCX8\" data-ccp-props=\"{&quot;201341983&quot;:0,&quot;335559739&quot;:160,&quot;335559740&quot;:259}\">So, wie das <a href=\"https:\/\/sinnersday.com\/\" target=\"_blank\" rel=\"noopener\"><span style=\"color: #ff0000;\">SINNER&#8217;S DAY SUMMER 2022<\/span><\/a>.<\/span><\/p>\n<p>&nbsp;<\/p>\n<p><img data-recalc-dims=\"1\" fetchpriority=\"high\" decoding=\"async\" class=\"size-full wp-image-4871 aligncenter\" src=\"https:\/\/i0.wp.com\/schwarze-welle.com\/wp-content\/uploads\/2022\/06\/SINNERS-DAY-SUMMER-2022.jpg?resize=503%2C720&#038;ssl=1\" alt=\"\" width=\"503\" height=\"720\" \/><\/p>\n<p>&nbsp;<\/p>\n<p><span data-contrast=\"auto\">Festivalerprobt und stets neugierig, konnte sich daher das gemischte RSW Doppel die M\u00f6glichkeit nicht entgehen lassen, ein Teil der wirklich wundervollen <\/span><span data-contrast=\"none\">SINNERS&#8217;S DAY SUMMER 2022<\/span><span data-contrast=\"auto\"> Crew sein zu d\u00fcrfen und einmal ein St\u00fcck weit \u201chinter\u201d die Kulissen des 3-t\u00e4gigen Events zu blicken.<\/span><\/p>\n<p><span data-contrast=\"auto\">Und mal ganz unter uns:<\/span><span data-ccp-props=\"{&quot;201341983&quot;:0,&quot;335559739&quot;:160,&quot;335559740&quot;:259}\">\u00a0<\/span><\/p>\n<p><span data-contrast=\"auto\">Die Lage der Location in Oostende, der belgischen Hafenstadt an der Nordsee, setzte dem bestehenden Gesamt-Anreiz noch ein verdammt schmackhaftes Sahneh\u00e4ubchen auf.<\/span><span data-ccp-props=\"{&quot;201341983&quot;:0,&quot;335559739&quot;:160,&quot;335559740&quot;:259}\">\u00a0<\/span><\/p>\n<p>&nbsp;<\/p>\n<p><img data-recalc-dims=\"1\" decoding=\"async\" class=\"size-medium wp-image-4872 aligncenter\" src=\"https:\/\/i0.wp.com\/schwarze-welle.com\/wp-content\/uploads\/2022\/06\/Oostende-Beach.jpg?resize=770%2C433&#038;ssl=1\" alt=\"\" width=\"770\" height=\"433\" srcset=\"https:\/\/i0.wp.com\/schwarze-welle.com\/wp-content\/uploads\/2022\/06\/Oostende-Beach-scaled.jpg?resize=770%2C433&amp;ssl=1 770w, https:\/\/i0.wp.com\/schwarze-welle.com\/wp-content\/uploads\/2022\/06\/Oostende-Beach-scaled.jpg?resize=1170%2C658&amp;ssl=1 1170w, https:\/\/i0.wp.com\/schwarze-welle.com\/wp-content\/uploads\/2022\/06\/Oostende-Beach-scaled.jpg?resize=768%2C432&amp;ssl=1 768w, https:\/\/i0.wp.com\/schwarze-welle.com\/wp-content\/uploads\/2022\/06\/Oostende-Beach-scaled.jpg?resize=1536%2C864&amp;ssl=1 1536w, https:\/\/i0.wp.com\/schwarze-welle.com\/wp-content\/uploads\/2022\/06\/Oostende-Beach-scaled.jpg?resize=2048%2C1152&amp;ssl=1 2048w, https:\/\/i0.wp.com\/schwarze-welle.com\/wp-content\/uploads\/2022\/06\/Oostende-Beach-scaled.jpg?w=2340&amp;ssl=1 2340w\" sizes=\"(max-width: 770px) 100vw, 770px\" \/><\/p>\n<p>&nbsp;<\/p>\n<p><img data-recalc-dims=\"1\" decoding=\"async\" class=\"size-medium wp-image-4873 aligncenter\" src=\"https:\/\/i0.wp.com\/schwarze-welle.com\/wp-content\/uploads\/2022\/06\/Oostende-Hafen.jpg?resize=770%2C433&#038;ssl=1\" alt=\"\" width=\"770\" height=\"433\" srcset=\"https:\/\/i0.wp.com\/schwarze-welle.com\/wp-content\/uploads\/2022\/06\/Oostende-Hafen-scaled.jpg?resize=770%2C433&amp;ssl=1 770w, https:\/\/i0.wp.com\/schwarze-welle.com\/wp-content\/uploads\/2022\/06\/Oostende-Hafen-scaled.jpg?resize=1170%2C658&amp;ssl=1 1170w, https:\/\/i0.wp.com\/schwarze-welle.com\/wp-content\/uploads\/2022\/06\/Oostende-Hafen-scaled.jpg?resize=768%2C432&amp;ssl=1 768w, https:\/\/i0.wp.com\/schwarze-welle.com\/wp-content\/uploads\/2022\/06\/Oostende-Hafen-scaled.jpg?resize=1536%2C864&amp;ssl=1 1536w, https:\/\/i0.wp.com\/schwarze-welle.com\/wp-content\/uploads\/2022\/06\/Oostende-Hafen-scaled.jpg?resize=2048%2C1152&amp;ssl=1 2048w, https:\/\/i0.wp.com\/schwarze-welle.com\/wp-content\/uploads\/2022\/06\/Oostende-Hafen-scaled.jpg?w=2340&amp;ssl=1 2340w\" sizes=\"(max-width: 770px) 100vw, 770px\" \/><\/p>\n<p>&nbsp;<\/p>\n<p><span data-contrast=\"auto\">Verkn\u00fcpft mit dem <\/span><span style=\"color: #ff0000;\"><a style=\"color: #ff0000;\" href=\"https:\/\/www.facebook.com\/frank.factorywalk\" target=\"_blank\" rel=\"noopener\">Factory Walk<\/a><\/span><span data-contrast=\"auto\"> Duo, das uns bereits vor Ort erwartete, stand unserer Mission, so ein Festival nunmehr aus ungewohnter Perspektive zu erleben, nach 3,5-st\u00fcndiger Anreise am Freitagnachmittag dann auch nichts mehr im Wege.<\/span><span data-ccp-props=\"{&quot;201341983&quot;:0,&quot;335559739&quot;:160,&quot;335559740&quot;:259}\">\u00a0<\/span><\/p>\n<p><span data-contrast=\"auto\">Unter dem Motto: Arbeiten, Beobachten und Reflektieren, gingen die drei Tage, bei wechselhaftem Wetter, wie im Flug vorbei. Und die N\u00e4chte? Nun, die waren wirklich verdammt kurz&#8230;<\/span><span data-ccp-props=\"{&quot;201341983&quot;:0,&quot;335559739&quot;:160,&quot;335559740&quot;:259}\">\u00a0<\/span><\/p>\n<p><span data-ccp-props=\"{&quot;201341983&quot;:0,&quot;335559739&quot;:160,&quot;335559740&quot;:259}\">\u00a0<\/span><\/p>\n<p><span data-contrast=\"auto\">Was letztendlich hinter den Kulissen stattfand und welche Erkenntnisse wir durch unsere Hospitation gewinnen konnten, k\u00f6nnen wir euch an dieser Stelle nat\u00fcrlich nicht wissen lassen, bitte habt Verst\u00e4ndnis und seht uns unsere Loyalit\u00e4t nach. Eines sei euch allerdings gern verraten: <\/span><span data-ccp-props=\"{&quot;201341983&quot;:0,&quot;335559739&quot;:160,&quot;335559740&quot;:259}\">\u00a0<\/span><\/p>\n<p><span data-contrast=\"auto\">Es war eine interessante Erfahrung, ein kleines R\u00e4dchen im gro\u00dfen SINNER&#8217;S DAY Getriebe zu sein, doch die dankbare Schreiberin geh\u00f6rt einfach mitten ins Geschehen, um sich immer neuen Herausforderungen zu stellen und flexibel zu agieren.<\/span><span data-ccp-props=\"{&quot;201341983&quot;:0,&quot;335559739&quot;:160,&quot;335559740&quot;:259}\">\u00a0<\/span><\/p>\n<p><span data-contrast=\"auto\">Diesmal eben nicht als Redaktionelle f\u00fcr RSW, sondern quasi unter \u201cfalscher\u201d Flagge, als Mitglied der Sinner\u2019s Festival-Crew unterwegs, blieb nat\u00fcrlich auch kaum Zeit, die zahlreichen Bandauftritte zu genie\u00dfen. Auch war es nicht m\u00f6glich, der BATCAVE einen Besuch abzustatten. Einzig der Sound der erlesenen DJ\u2019s, die vor allem die Umbaupausen nutzen konnten, um mit den feinsten Remixen die K\u00f6rper der Szene-Anh\u00e4nger in Bewegung zu halten, fand hier und da den Weg ins Ohr und sch\u00fcrte die Sehnsucht, einfach mal in die H\u00f6hle hineinzuflattern, die Beats aufzusaugen und euch einige Impressionen mitzubringen.<\/span><span data-ccp-props=\"{&quot;201341983&quot;:0,&quot;335559739&quot;:160,&quot;335559740&quot;:259}\">\u00a0<\/span><\/p>\n<p><span data-contrast=\"auto\">Um euch dennoch an dem kleinen, feinen und \u00fcberaus famili\u00e4ren Festival teilhaben zu lassen, haben wir die kleinen Zeitfensterchen genutzt, um euch via Live-Stream an dem kleinen, feinen und \u00fcberaus famili\u00e4ren Festival teilhaben zu lassen. <\/span><span data-ccp-props=\"{&quot;201341983&quot;:0,&quot;335559739&quot;:160,&quot;335559740&quot;:259}\">\u00a0<\/span><\/p>\n<p><span data-contrast=\"auto\">Die Mitschnitte von <\/span><a href=\"https:\/\/www.facebook.com\/thebunnymen\" target=\"_blank\" rel=\"noopener\"><span data-contrast=\"none\">ECHO AND THE BUNNYMAN<\/span><\/a><span data-contrast=\"auto\">, <\/span><a href=\"https:\/\/www.facebook.com\/KalteNachtDuo\" target=\"_blank\" rel=\"noopener\"><span data-contrast=\"none\">KALTE NACHT<\/span><\/a><span data-contrast=\"auto\">, <\/span><a href=\"https:\/\/www.facebook.com\/DER.KLINKE\" target=\"_blank\" rel=\"noopener\"><span data-contrast=\"none\">DER KLINKE<\/span><\/a><span data-contrast=\"auto\">, <\/span><a href=\"https:\/\/www.facebook.com\/officialdiaryofdreams\" target=\"_blank\" rel=\"noopener\"><span data-contrast=\"none\">DIARY OF DREAMS<\/span><\/a><span data-contrast=\"auto\"> und <\/span><a href=\"https:\/\/www.facebook.com\/VNVNation\" target=\"_blank\" rel=\"noopener\"><span data-contrast=\"none\">VNV NATION<\/span><\/a><span data-contrast=\"auto\"> findet ihr unter:<\/span><span data-ccp-props=\"{&quot;201341983&quot;:0,&quot;335559739&quot;:160,&quot;335559740&quot;:259}\">\u00a0<\/span><\/p>\n<p><span data-ccp-props=\"{&quot;201341983&quot;:0,&quot;335559739&quot;:160,&quot;335559740&quot;:259}\">\u00a0<\/span><\/p>\n<p><span style=\"color: #ff0000;\"><a style=\"color: #ff0000;\" href=\"https:\/\/www.facebook.com\/RadioSchwarzeWelle\" target=\"_blank\" rel=\"noopener\">https:\/\/www.facebook.com\/RadioSchwarzeWelle<\/a> \u00a0<\/span><\/p>\n<p><span data-ccp-props=\"{&quot;201341983&quot;:0,&quot;335559739&quot;:160,&quot;335559740&quot;:259}\">\u00a0<\/span><\/p>\n<p><span data-contrast=\"auto\">Weitere Visualizer und Impressionen vom Festival gibt es hier:<\/span><span data-ccp-props=\"{&quot;201341983&quot;:0,&quot;335559739&quot;:160,&quot;335559740&quot;:259}\">\u00a0<\/span><\/p>\n<p><span data-ccp-props=\"{&quot;201341983&quot;:0,&quot;335559739&quot;:160,&quot;335559740&quot;:259}\">\u00a0<\/span><\/p>\n<p><span style=\"color: #ff0000;\"><a style=\"color: #ff0000;\" href=\"https:\/\/schwarze-welle.com\/?p=4780\" target=\"_blank\" rel=\"noopener\">https:\/\/www.facebook.com\/SinnersdayFestival<\/a>\u00a0<\/span><\/p>\n<p><span style=\"color: #ff0000;\"><a style=\"color: #ff0000;\" href=\"https:\/\/www.facebook.com\/frank.factorywalk\" target=\"_blank\" rel=\"noopener\">https:\/\/www.facebook.com\/frank.factorywalk<\/a> \u00a0<\/span><\/p>\n<p><span data-ccp-props=\"{&quot;201341983&quot;:0,&quot;335559739&quot;:160,&quot;335559740&quot;:259}\">\u00a0<\/span><\/p>\n<p><span data-contrast=\"auto\">Einzig das Konzert von VNV NATION konnte die Autorin sich keinesfalls nehmen lassen. Doch auch das ist schnell erz\u00e4hlt: <\/span><\/p>\n<p><span data-contrast=\"auto\">Es war herrlich.<\/span><span data-ccp-props=\"{&quot;201341983&quot;:0,&quot;335559739&quot;:160,&quot;335559740&quot;:259}\">\u00a0<\/span><\/p>\n<p>&nbsp;<\/p>\n<p><img data-recalc-dims=\"1\" loading=\"lazy\" decoding=\"async\" class=\"size-medium wp-image-4874 aligncenter\" src=\"https:\/\/i0.wp.com\/schwarze-welle.com\/wp-content\/uploads\/2022\/06\/VNV_01_2022.png?resize=770%2C459&#038;ssl=1\" alt=\"\" width=\"770\" height=\"459\" srcset=\"https:\/\/i0.wp.com\/schwarze-welle.com\/wp-content\/uploads\/2022\/06\/VNV_01_2022.png?resize=770%2C459&amp;ssl=1 770w, https:\/\/i0.wp.com\/schwarze-welle.com\/wp-content\/uploads\/2022\/06\/VNV_01_2022.png?resize=768%2C458&amp;ssl=1 768w, https:\/\/i0.wp.com\/schwarze-welle.com\/wp-content\/uploads\/2022\/06\/VNV_01_2022.png?w=1161&amp;ssl=1 1161w\" sizes=\"(max-width: 770px) 100vw, 770px\" \/><\/p>\n<p>&nbsp;<\/p>\n<p>&nbsp;<\/p>\n<p><span data-contrast=\"auto\">Mit 15-min\u00fctiger Versp\u00e4tung (die Technik&#8230;), flirtete und feierte ein \u00fcberaus gut gelaunter <\/span><span style=\"color: #ff0000;\"><a style=\"color: #ff0000;\" href=\"https:\/\/www.facebook.com\/Vnv-Nation-Ronan-Harris-135874143148036\/\" target=\"_blank\" rel=\"noopener\">Ronan Harris<\/a><\/span><span data-contrast=\"auto\"> mit dem dankbaren Publikum und lie\u00df es, als letzter Act des Samstagabend, nochmal richtig krachen. <\/span><span data-ccp-props=\"{&quot;201341983&quot;:0,&quot;335559739&quot;:160,&quot;335559740&quot;:259}\">\u00a0<\/span><\/p>\n<p><span data-contrast=\"auto\">Wurde man mit <\/span><i><span data-contrast=\"auto\">\u201cSentinal\u201d<\/span><\/i><span data-contrast=\"auto\"> noch verh\u00e4ltnism\u00e4\u00dfig sanft zu dem einst\u00fcndigen Konzert empfangen, steigerte sich der pure Live-Spa\u00df \u00fcber Songs, wie <\/span><i><span data-contrast=\"auto\">\u201cWhen Is The Future\u201d<\/span><\/i><span data-contrast=\"auto\"> und <\/span><i><span data-contrast=\"auto\">\u201cControl\u201d<\/span><\/i><span data-contrast=\"auto\"> immerzu weiter, bis er schlie\u00dflich mit <\/span><i><span data-contrast=\"auto\">\u201cNova\u201d<\/span><\/i><span data-contrast=\"auto\"> enden sollte. <\/span><span data-ccp-props=\"{&quot;201341983&quot;:0,&quot;335559739&quot;:160,&quot;335559740&quot;:259}\">\u00a0<\/span><\/p>\n<p><span data-contrast=\"auto\">Gef\u00fchlt gerade erst einmal warm getanzt, was auf der Wiese schon eine leichte Herausforderung darstellen sollte, war es auch schon wieder vorbei. Bedauerlicherweise fiel jegliche Zugabe aus, da die umliegende Nachbarschaft nicht ann\u00e4hernd so begeistert von der Performance des Electronic Projekts\u00a0schien, wie die jubelnden Fans vor der B\u00fchne.<\/span><span data-ccp-props=\"{&quot;201341983&quot;:0,&quot;335559739&quot;:160,&quot;335559740&quot;:259}\">\u00a0<\/span><\/p>\n<p><span data-ccp-props=\"{&quot;201341983&quot;:0,&quot;335559739&quot;:160,&quot;335559740&quot;:259}\">\u00a0<\/span><\/p>\n<p><span data-contrast=\"auto\">Doch das Mantra des Abends bleibt bestehen: Seid dankbar, genie\u00dft das Leben mit Musik und Konzerte am besten ohne Smartphone.<\/span><span data-ccp-props=\"{&quot;201341983&quot;:0,&quot;335559739&quot;:160,&quot;335559740&quot;:259}\">\u00a0<\/span><\/p>\n<p>&nbsp;<\/p>\n<h2><b><i><span data-contrast=\"auto\">WEBSITES<\/span><\/i><\/b><span data-ccp-props=\"{&quot;201341983&quot;:0,&quot;335559739&quot;:160,&quot;335559740&quot;:259}\">\u00a0<\/span><\/h2>\n<p>&nbsp;<\/p>\n<p><strong>\u00a0Sinner\u2019s Day \u00a0<\/strong><\/p>\n<p>&nbsp;<\/p>\n<p><span style=\"color: #ff0000;\"><a style=\"color: #ff0000;\" href=\"https:\/\/sinnersday.com\/\" target=\"_blank\" rel=\"noopener\">https:\/\/sinnersday.com\/<\/a> \u00a0<\/span><\/p>\n<p><span style=\"color: #ff0000;\">\u00a0<a style=\"color: #ff0000;\" href=\"https:\/\/www.facebook.com\/SinnersdayFestival\" target=\"_blank\" rel=\"noopener\">https:\/\/www.facebook.com\/SinnersdayFestival<\/a> \u00a0<\/span><\/p>\n<p>&nbsp;<\/p>\n","protected":false},"excerpt":{"rendered":"<p>Das klingt im ersten Moment zwar wahnsinnig romantisch, doch tats\u00e4chlich versteckt sich hinter der ganzen Romantik wahrlich ein Haufen Arbeit, die in erster Linie durch eine gut funktionierende Team-Leistung, eben Hand in Hand, verrichtet wird. Denn diese braucht es einfach, um ein Projekt in ein phantastisches und erfolgreiches Event zu ...<\/p>\n","protected":false},"author":5,"featured_media":4871,"comment_status":"closed","ping_status":"closed","sticky":false,"template":"","format":"standard","meta":{"_acf_changed":false,"ngg_post_thumbnail":0,"_jetpack_memberships_contains_paid_content":false,"footnotes":""},"categories":[20,17],"tags":[122,180,70,729,33,647,56,90,876,223,877,179],"class_list":["post-4870","post","type-post","status-publish","format-standard","has-post-thumbnail","hentry","category-konzert-reviews","category-news","tag-aesthetic-perfection","tag-diary-of-dreams","tag-festival","tag-iamx","tag-konzert","tag-live","tag-nitzer-ebb","tag-open-air","tag-sinners-day-summer-2022","tag-the-mission","tag-the-stranglers","tag-vnv-nation"],"acf":[],"jetpack_featured_media_url":"https:\/\/i0.wp.com\/schwarze-welle.com\/wp-content\/uploads\/2022\/06\/SINNERS-DAY-SUMMER-2022.jpg?fit=503%2C720&ssl=1","jetpack_sharing_enabled":true,"_links":{"self":[{"href":"https:\/\/schwarze-welle.com\/index.php?rest_route=\/wp\/v2\/posts\/4870","targetHints":{"allow":["GET"]}}],"collection":[{"href":"https:\/\/schwarze-welle.com\/index.php?rest_route=\/wp\/v2\/posts"}],"about":[{"href":"https:\/\/schwarze-welle.com\/index.php?rest_route=\/wp\/v2\/types\/post"}],"author":[{"embeddable":true,"href":"https:\/\/schwarze-welle.com\/index.php?rest_route=\/wp\/v2\/users\/5"}],"replies":[{"embeddable":true,"href":"https:\/\/schwarze-welle.com\/index.php?rest_route=%2Fwp%2Fv2%2Fcomments&post=4870"}],"version-history":[{"count":0,"href":"https:\/\/schwarze-welle.com\/index.php?rest_route=\/wp\/v2\/posts\/4870\/revisions"}],"wp:featuredmedia":[{"embeddable":true,"href":"https:\/\/schwarze-welle.com\/index.php?rest_route=\/wp\/v2\/media\/4871"}],"wp:attachment":[{"href":"https:\/\/schwarze-welle.com\/index.php?rest_route=%2Fwp%2Fv2%2Fmedia&parent=4870"}],"wp:term":[{"taxonomy":"category","embeddable":true,"href":"https:\/\/schwarze-welle.com\/index.php?rest_route=%2Fwp%2Fv2%2Fcategories&post=4870"},{"taxonomy":"post_tag","embeddable":true,"href":"https:\/\/schwarze-welle.com\/index.php?rest_route=%2Fwp%2Fv2%2Ftags&post=4870"}],"curies":[{"name":"wp","href":"https:\/\/api.w.org\/{rel}","templated":true}]}}