{"id":2059,"date":"2022-01-08T20:52:55","date_gmt":"2022-01-08T19:52:55","guid":{"rendered":"https:\/\/sendeplan.schwarze-welle.com\/?p=2059"},"modified":"2022-03-20T21:45:50","modified_gmt":"2022-03-20T20:45:50","slug":"das-recht-der-hohen-gerichtsbarkeit-harpyie-vollziehen-blutbann-im-januar","status":"publish","type":"post","link":"https:\/\/schwarze-welle.com\/?p=2059","title":{"rendered":"Das Recht der Hohen Gerichtsbarkeit: HARPYIE vollziehen \u2018Blutbann\u2019 im Januar"},"content":{"rendered":"<p><img data-recalc-dims=\"1\" fetchpriority=\"high\" decoding=\"async\" class=\"size-full wp-image-2060 aligncenter\" src=\"https:\/\/i0.wp.com\/sendeplan.schwarze-welle.com\/wp-content\/uploads\/2022\/03\/Harpyie_2022-01.png?resize=589%2C592&#038;ssl=1\" alt=\"\" width=\"589\" height=\"592\" srcset=\"https:\/\/i0.wp.com\/schwarze-welle.com\/wp-content\/uploads\/2022\/03\/Harpyie_2022-01.png?w=589&amp;ssl=1 589w, https:\/\/i0.wp.com\/schwarze-welle.com\/wp-content\/uploads\/2022\/03\/Harpyie_2022-01.png?resize=140%2C140&amp;ssl=1 140w, https:\/\/i0.wp.com\/schwarze-welle.com\/wp-content\/uploads\/2022\/03\/Harpyie_2022-01.png?resize=150%2C150&amp;ssl=1 150w, https:\/\/i0.wp.com\/schwarze-welle.com\/wp-content\/uploads\/2022\/03\/Harpyie_2022-01.png?resize=100%2C100&amp;ssl=1 100w\" sizes=\"(max-width: 589px) 100vw, 589px\" \/><\/p>\n<p>&nbsp;<\/p>\n<p>2011 in Bad Oeynhausen gegr\u00fcndet, ver\u00f6ffentlicht die Folk-Metal-Formation HARPYIE am 28. Januar 2022 mit\u00a0<em class=\"text-italics\"><span class=\"glow\">\u2018Blutbann\u2019<\/span><\/em>\u00a0ihr bereits siebtes Album. Im Gegensatz zu\u00a0<em class=\"text-italics\"><span class=\"glow\">\u2018Minnewar\u2019<\/span><\/em>, dem 2021 erschienenen Cover-Album, pr\u00e4sentieren sich die Greifv\u00f6gel wieder in metallischer D\u00fcster-Stimmung.<\/p>\n<p>Auf dem 12 Track Langspieler, erz\u00e4hlen HARPYIE, bestehend aus Frontmann Aello, Brian (Drehleier), Podargo (Gitarre), Jean am Bass und Schlagzeuger Kayran, ihrer Anh\u00e4ngerschaft schaurig sch\u00f6ne Geschichten von Liebe, Angst und die Bek\u00e4mpfung der eigenen D\u00e4monen.<\/p>\n<p>Im Feature mit\u00a0<a class=\"postlink\" href=\"https:\/\/www.facebook.com\/AspsWelten\">ASP<\/a>, brachte das Quintett im November 2021 das erste Appetith\u00e4ppchen zum neuen Album auf den Schirm. Der Vampirsong\u00a0<em class=\"text-italics\">\u201cNachtfalter\u201d<\/em>\u00a0wurde unter den HARPYIE-Liebhabern, aufgrund der sanften und melodischen Klangfarbe, eher kontrovers diskutiert. Faktisch gesehen, hat die Kombo, mit ihrem Track, eine harmonische Einheit geschaffen, g\u00e4nzlich ohne Metal-Anteil.<\/p>\n<p>&nbsp;<\/p>\n<p><iframe hcb-fetch-image-from=\"https:\/\/youtu.be\/f7l_8ZFv2is\" title=\"Harpyie - Nachtfalter feat. ASP @OfficialTalesOfASP  (OFFICIAL MUSIKVIDEO)\" width=\"1170\" height=\"658\" src=\"https:\/\/www.youtube.com\/embed\/f7l_8ZFv2is?feature=oembed\" frameborder=\"0\" allow=\"accelerometer; autoplay; clipboard-write; encrypted-media; gyroscope; picture-in-picture\" allowfullscreen><\/iframe><\/p>\n<p>&nbsp;<\/p>\n<p>Die zweite Video-Single zum neuen Langspieler pr\u00e4sentierten die Ostwestfalen Ihrer Anh\u00e4ngerschaft am 03. Dezember 2021.\u00a0<em class=\"text-italics\">\u201cBlutadler\u201d<\/em>\u00a0bedeutet G\u00e4nsehaut in Harpyien-Manier. D\u00fcsteres Growling alterniert hier mit klaren Ges\u00e4ngen, gibt dem klassischen Thema um Liebe und Herzschmerz den richtigen Schliff und unterscheidet sich in der Klangwirkung deutlich von der ersten Single-Auskopplung zu\u00a0<em class=\"text-italics\">\u2018Blutbann\u2019<\/em>.<\/p>\n<p>&nbsp;<\/p>\n<p><iframe hcb-fetch-image-from=\"https:\/\/youtu.be\/cpb7dedeJCg\" title=\"Harpyie - Blutadler (OFFICIAL MUSIKVIDEO)\" width=\"1170\" height=\"658\" src=\"https:\/\/www.youtube.com\/embed\/cpb7dedeJCg?feature=oembed\" frameborder=\"0\" allow=\"accelerometer; autoplay; clipboard-write; encrypted-media; gyroscope; picture-in-picture\" allowfullscreen><\/iframe><\/p>\n<p>Zwei Wochen sp\u00e4ter schickten HARPYIE, mit\u00a0<em class=\"text-italics\">\u201cAngst im Wald\u201d<\/em>, Appetizer Nummer drei in die Nacht. Vor allem durch den eing\u00e4ngigen Refrain, entwickelt sich der Track schnell zu einem Ohrwurm in den Geh\u00f6rg\u00e4ngen der Fans, f\u00fcr die sich die Folk-Rocker mit ihrer Visualisierung zum Song etwas ganz Besonderes ausgedacht haben. Schaut selbst.<\/p>\n<p>&nbsp;<\/p>\n<p>&nbsp;<\/p>\n<p><iframe hcb-fetch-image-from=\"https:\/\/youtu.be\/PgK79B0qF58\" title=\"Harpyie - Angst im Wald (Official Video)\" width=\"1170\" height=\"658\" src=\"https:\/\/www.youtube.com\/embed\/PgK79B0qF58?feature=oembed\" frameborder=\"0\" allow=\"accelerometer; autoplay; clipboard-write; encrypted-media; gyroscope; picture-in-picture\" allowfullscreen><\/iframe><\/p>\n<p>Vorbestellen k\u00f6nnt ihr das neue Album\u00a0<a class=\"postlink\" href=\"https:\/\/harpyie.lnk.to\/Blutbann\">HIER<\/a>.<\/p>\n<p><span class=\"glow\"><strong class=\"text-strong\">Tracklist\u00a0<em class=\"text-italics\">\u2018Blutbann\u2019<\/em><\/strong><\/span><\/p>\n<p>01. Blutadler<br \/>\n02. Angst Im Wald<br \/>\n03. Liebe Auf Den Ersten Biss<br \/>\n04. Die Geister Die Ich Rief<br \/>\n05. Dunkelschwarz<br \/>\n06. Nachtfalter Feat. Asp<br \/>\n07. Verr\u00e4terisches Herz<br \/>\n08. Fang Mich Ein<br \/>\n09. Wir Sind Die Nacht<br \/>\n10. Vampir<br \/>\n11. Okkult<br \/>\n12. Ich Glaub Dir Nicht<\/p>\n<p>&nbsp;<\/p>\n<h3><em><strong>Websites<\/strong><\/em><\/h3>\n<p><a href=\"https:\/\/www.harpyien.de\/\">https:\/\/www.harpyien.de\/<\/a><\/p>\n<p><a href=\"https:\/\/www.facebook.com\/harpyien\">https:\/\/www.facebook.com\/harpyien\u00a0<\/a><\/p>\n<p>&nbsp;<\/p>\n<p>&nbsp;<\/p>\n","protected":false},"excerpt":{"rendered":"<p>&nbsp; 2011 in Bad Oeynhausen gegr\u00fcndet, ver\u00f6ffentlicht die Folk-Metal-Formation HARPYIE am 28. Januar 2022 mit\u00a0\u2018Blutbann\u2019\u00a0ihr bereits siebtes Album. Im Gegensatz zu\u00a0\u2018Minnewar\u2019, dem 2021 erschienenen Cover-Album, pr\u00e4sentieren sich die Greifv\u00f6gel wieder in metallischer D\u00fcster-Stimmung. Auf dem 12 Track Langspieler, erz\u00e4hlen HARPYIE, bestehend aus Frontmann Aello, Brian (Drehleier), Podargo (Gitarre), Jean am ...<\/p>\n","protected":false},"author":5,"featured_media":2060,"comment_status":"closed","ping_status":"closed","sticky":false,"template":"","format":"standard","meta":{"_acf_changed":false,"ngg_post_thumbnail":0,"_jetpack_memberships_contains_paid_content":false,"footnotes":""},"categories":[22,19],"tags":[360],"class_list":["post-2059","post","type-post","status-publish","format-standard","has-post-thumbnail","hentry","category-archiv","category-cd-reviews","tag-harpyie"],"acf":[],"jetpack_featured_media_url":"https:\/\/i0.wp.com\/schwarze-welle.com\/wp-content\/uploads\/2022\/03\/Harpyie_2022-01.png?fit=589%2C592&ssl=1","jetpack_sharing_enabled":true,"_links":{"self":[{"href":"https:\/\/schwarze-welle.com\/index.php?rest_route=\/wp\/v2\/posts\/2059","targetHints":{"allow":["GET"]}}],"collection":[{"href":"https:\/\/schwarze-welle.com\/index.php?rest_route=\/wp\/v2\/posts"}],"about":[{"href":"https:\/\/schwarze-welle.com\/index.php?rest_route=\/wp\/v2\/types\/post"}],"author":[{"embeddable":true,"href":"https:\/\/schwarze-welle.com\/index.php?rest_route=\/wp\/v2\/users\/5"}],"replies":[{"embeddable":true,"href":"https:\/\/schwarze-welle.com\/index.php?rest_route=%2Fwp%2Fv2%2Fcomments&post=2059"}],"version-history":[{"count":0,"href":"https:\/\/schwarze-welle.com\/index.php?rest_route=\/wp\/v2\/posts\/2059\/revisions"}],"wp:featuredmedia":[{"embeddable":true,"href":"https:\/\/schwarze-welle.com\/index.php?rest_route=\/wp\/v2\/media\/2060"}],"wp:attachment":[{"href":"https:\/\/schwarze-welle.com\/index.php?rest_route=%2Fwp%2Fv2%2Fmedia&parent=2059"}],"wp:term":[{"taxonomy":"category","embeddable":true,"href":"https:\/\/schwarze-welle.com\/index.php?rest_route=%2Fwp%2Fv2%2Fcategories&post=2059"},{"taxonomy":"post_tag","embeddable":true,"href":"https:\/\/schwarze-welle.com\/index.php?rest_route=%2Fwp%2Fv2%2Ftags&post=2059"}],"curies":[{"name":"wp","href":"https:\/\/api.w.org\/{rel}","templated":true}]}}