{"id":2053,"date":"2022-01-05T12:14:02","date_gmt":"2022-01-05T11:14:02","guid":{"rendered":"https:\/\/sendeplan.schwarze-welle.com\/?p=2053"},"modified":"2022-03-20T21:47:25","modified_gmt":"2022-03-20T20:47:25","slug":"leidensgedaechtnis-und-auferstehungsfeier-goethes-erben-visualisieren-das-gestohlene-konzert","status":"publish","type":"post","link":"https:\/\/schwarze-welle.com\/?p=2053","title":{"rendered":"Leidensged\u00e4chtnis und Auferstehungsfeier: GOETHES ERBEN visualisieren \u2018Das gestohlene Konzert\u2019"},"content":{"rendered":"<p><img data-recalc-dims=\"1\" fetchpriority=\"high\" decoding=\"async\" class=\"size-full wp-image-2054 aligncenter\" src=\"https:\/\/i0.wp.com\/sendeplan.schwarze-welle.com\/wp-content\/uploads\/2022\/03\/Goethes-Erben_Das-gestohlene-Konzert.jpg?resize=711%2C711&#038;ssl=1\" alt=\"\" width=\"711\" height=\"711\" srcset=\"https:\/\/i0.wp.com\/schwarze-welle.com\/wp-content\/uploads\/2022\/03\/Goethes-Erben_Das-gestohlene-Konzert.jpg?w=711&amp;ssl=1 711w, https:\/\/i0.wp.com\/schwarze-welle.com\/wp-content\/uploads\/2022\/03\/Goethes-Erben_Das-gestohlene-Konzert.jpg?resize=140%2C140&amp;ssl=1 140w, https:\/\/i0.wp.com\/schwarze-welle.com\/wp-content\/uploads\/2022\/03\/Goethes-Erben_Das-gestohlene-Konzert.jpg?resize=150%2C150&amp;ssl=1 150w, https:\/\/i0.wp.com\/schwarze-welle.com\/wp-content\/uploads\/2022\/03\/Goethes-Erben_Das-gestohlene-Konzert.jpg?resize=100%2C100&amp;ssl=1 100w, https:\/\/i0.wp.com\/schwarze-welle.com\/wp-content\/uploads\/2022\/03\/Goethes-Erben_Das-gestohlene-Konzert.jpg?resize=370%2C370&amp;ssl=1 370w\" sizes=\"(max-width: 711px) 100vw, 711px\" \/><\/p>\n<p>&nbsp;<\/p>\n<p>Unl\u00e4ngst gab Oswald Henke, Texter und Stimme von GOETHES ERBEN, den Termin zur Ver\u00f6ffentlichung der\u00a0Kammerensemble DVD\u00a0<em class=\"text-italics\">\u2018Das gestohlene Konzert\u2019<\/em>, unter\u00a0<a class=\"postlink\" href=\"https:\/\/www.discogs.com\/de\/label\/107147-Genom\">GENOM<\/a>\u00a0bekannt, wenn&#8230; ja, wenn das W\u00f6rtchen, wenn, nicht w\u00e4r.<\/p>\n<p>Da die Bildtontr\u00e4ger-Exklusivit\u00e4t den offiziellen Handel nicht erreichen wird, braucht es hierzu 200 Vorbesteller. Doch Genaueres \u00fcber das Prozedere, wie ihr an den eloquenten Visualizer gelangt, erfahrt ihr\u00a0<a class=\"postlink\" href=\"https:\/\/www.facebook.com\/goetheserbenoffical\">HIER<\/a>.<\/p>\n<p>Den Zeitpunkt zur Ver\u00f6ffentlichung h\u00e4tte Henke, in Ensemble-Begleitung von Sebastian Boettcher (Musik, Fl\u00fcgel) und Cellist Benni Cellini (<a class=\"postlink\" href=\"https:\/\/www.letzte-instanz.de\/\">LETZTE INSTANZ<\/a>), kaum w\u00e4hlen k\u00f6nnen.<br \/>\nIn Anlehnung an zwei durchlebte\u00a0<em class=\"text-italics\">\u201cCorona-Pestjahre\u201d<\/em>, gilt doch das Osterfest als Einheit von Leidensged\u00e4chtnis und Auferstehungsfeier und bildet somit einen durchaus gelungenen Rahmen, der Entbehrung und Zersetzung trotzend, die Wiederentstehung zu begr\u00fc\u00dfen.<\/p>\n<p>&nbsp;<\/p>\n<p><iframe hcb-fetch-image-from=\"https:\/\/youtu.be\/LQiphlqQuzk\" title=\"Goethes Erben - Denn es ist immer so (official)\" width=\"1170\" height=\"658\" src=\"https:\/\/www.youtube.com\/embed\/LQiphlqQuzk?feature=oembed\" frameborder=\"0\" allow=\"accelerometer; autoplay; clipboard-write; encrypted-media; gyroscope; picture-in-picture\" allowfullscreen><\/iframe><\/p>\n<p>Seit Gr\u00fcndung der Formation, im Jahr 1989, zeichnet sich die Sprachgewalt par excellence, in Person von Oswald Henke, durch die bizarre Thematisierung rund um Traum, Psyche, Sterben und Tod aus.<\/p>\n<p><em class=\"text-italics\">\u201eEs ist einfacher, sich dem Tod in abstrakter Form zu widmen, als fr\u00fcher oder sp\u00e4ter dar\u00fcber zu stolpern.\u201c<\/em>, erkl\u00e4rte Oswald Henke hierzu bereits 1992, im Interview mit Manfred Thomaser (EB\/ Metronom) und blieb bis heute seiner Linie treu.<\/p>\n<p>Zun\u00e4chst in die\u00a0<a class=\"postlink\" href=\"https:\/\/de.wikipedia.org\/wiki\/Neue_Deutsche_Todeskunst\">Neue deutsche Todeskunst<\/a>\u00a0kategorisiert, sind GOETHES ERBEN doch l\u00e4ngst in der Vorreiterrolle des\u00a0<a class=\"postlink\" href=\"https:\/\/de.wikipedia.org\/wiki\/Avantgarde\">Avantgarde<\/a>\u00a0und der darstellenden Kunst angekommen, sofern man die gesellschaftskritischen Kreativ-K\u00fcnstler \u00fcberhaupt in ein Genre stecken m\u00f6chte.<\/p>\n<p>Vom Kammerensemble-Album\u00a0<em class=\"text-italics\">\u2018Fl\u00fcchtige K\u00fcsse\u2019\u00a0<\/em>ver\u00f6ffentlichte die Band im Januar 2021, mit\u00a0<em class=\"text-italics\">\u201cSeelenschatten\u201d<\/em>, die zweite Video-Single des Langspielers, der sein Release unter dem Label\u00a0<a class=\"postlink\" href=\"https:\/\/www.dryland-records.net\/\">Dryland Records<\/a>\u00a0fand.<\/p>\n<p>&nbsp;<\/p>\n<p><iframe hcb-fetch-image-from=\"https:\/\/youtu.be\/5Gxio1cn_NI\" title=\"Goethes Erben Seelenschatten official Videoclip\" width=\"1170\" height=\"658\" src=\"https:\/\/www.youtube.com\/embed\/5Gxio1cn_NI?feature=oembed\" frameborder=\"0\" allow=\"accelerometer; autoplay; clipboard-write; encrypted-media; gyroscope; picture-in-picture\" allowfullscreen><\/iframe><\/p>\n<p>&nbsp;<\/p>\n<blockquote><p><strong>\u00dcbrigens:<\/strong>\u00a0Mitte Januar startet der VVK f\u00fcr das Live-Konzert am 17. September 2022. Hier werden GOETHES ERBEN auf der Europasaalb\u00fchne in Bayreuth ihr 10. Studioalbum\u00a0\u2018<em class=\"text-italics\">X\u2019<\/em>\u00a0vorstellen, das 2023 erscheinen soll. Auch werden, laut Ank\u00fcndigung, auch die \u00e4lteren Werke der Band an diesem Abend nicht zu kurz kommen.<\/p>\n<p><em class=\"text-italics\">\u201cEs k\u00f6nnte sogar sein, dass es dann zu kurzen B\u00fchnenbesuchen musikalischer G\u00e4ste kommen k\u00f6nnte.\u201d<\/em>, stellen die Erben ihrer Gemeinschaft in konjunktive Aussicht und sch\u00fcren damit deren Vorfreude auf die Live-Performance auf ein Maximum. Es darf also spekuliert werden.<\/p>\n<p><em><strong class=\"text-strong\">Websites<\/strong><\/em><\/p>\n<p><a class=\"postlink\" href=\"http:\/\/www.goetheserben.de\/\">http:\/\/www.goetheserben.de<\/a><br \/>\n<a class=\"postlink\" href=\"https:\/\/www.facebook.com\/goetheserbenoffical\">https:\/\/www.facebook.com\/goetheserbenoffical<\/a><br \/>\n<a class=\"postlink\" href=\"https:\/\/www.instagram.com\/goetheserben\">https:\/\/www.instagram.com\/goetheserben<\/a><\/p><\/blockquote>\n<p>&nbsp;<\/p>\n<p>&nbsp;<\/p>\n<p>&nbsp;<\/p>\n","protected":false},"excerpt":{"rendered":"<p>&nbsp; Unl\u00e4ngst gab Oswald Henke, Texter und Stimme von GOETHES ERBEN, den Termin zur Ver\u00f6ffentlichung der\u00a0Kammerensemble DVD\u00a0\u2018Das gestohlene Konzert\u2019, unter\u00a0GENOM\u00a0bekannt, wenn&#8230; ja, wenn das W\u00f6rtchen, wenn, nicht w\u00e4r. Da die Bildtontr\u00e4ger-Exklusivit\u00e4t den offiziellen Handel nicht erreichen wird, braucht es hierzu 200 Vorbesteller. Doch Genaueres \u00fcber das Prozedere, wie ihr an ...<\/p>\n","protected":false},"author":5,"featured_media":2054,"comment_status":"closed","ping_status":"closed","sticky":false,"template":"","format":"standard","meta":{"_acf_changed":false,"ngg_post_thumbnail":0,"_jetpack_memberships_contains_paid_content":false,"footnotes":""},"categories":[22,17],"tags":[358],"class_list":["post-2053","post","type-post","status-publish","format-standard","has-post-thumbnail","hentry","category-archiv","category-news","tag-goethes-erben"],"acf":[],"jetpack_featured_media_url":"https:\/\/i0.wp.com\/schwarze-welle.com\/wp-content\/uploads\/2022\/03\/Goethes-Erben_Das-gestohlene-Konzert.jpg?fit=711%2C711&ssl=1","jetpack_sharing_enabled":true,"_links":{"self":[{"href":"https:\/\/schwarze-welle.com\/index.php?rest_route=\/wp\/v2\/posts\/2053","targetHints":{"allow":["GET"]}}],"collection":[{"href":"https:\/\/schwarze-welle.com\/index.php?rest_route=\/wp\/v2\/posts"}],"about":[{"href":"https:\/\/schwarze-welle.com\/index.php?rest_route=\/wp\/v2\/types\/post"}],"author":[{"embeddable":true,"href":"https:\/\/schwarze-welle.com\/index.php?rest_route=\/wp\/v2\/users\/5"}],"replies":[{"embeddable":true,"href":"https:\/\/schwarze-welle.com\/index.php?rest_route=%2Fwp%2Fv2%2Fcomments&post=2053"}],"version-history":[{"count":0,"href":"https:\/\/schwarze-welle.com\/index.php?rest_route=\/wp\/v2\/posts\/2053\/revisions"}],"wp:featuredmedia":[{"embeddable":true,"href":"https:\/\/schwarze-welle.com\/index.php?rest_route=\/wp\/v2\/media\/2054"}],"wp:attachment":[{"href":"https:\/\/schwarze-welle.com\/index.php?rest_route=%2Fwp%2Fv2%2Fmedia&parent=2053"}],"wp:term":[{"taxonomy":"category","embeddable":true,"href":"https:\/\/schwarze-welle.com\/index.php?rest_route=%2Fwp%2Fv2%2Fcategories&post=2053"},{"taxonomy":"post_tag","embeddable":true,"href":"https:\/\/schwarze-welle.com\/index.php?rest_route=%2Fwp%2Fv2%2Ftags&post=2053"}],"curies":[{"name":"wp","href":"https:\/\/api.w.org\/{rel}","templated":true}]}}