{"id":2021,"date":"2021-12-12T17:27:52","date_gmt":"2021-12-12T16:27:52","guid":{"rendered":"https:\/\/sendeplan.schwarze-welle.com\/?p=2021"},"modified":"2022-03-20T21:57:57","modified_gmt":"2022-03-20T20:57:57","slug":"powerwolf-mit-grossem-kino-the-monumental-mass-im-livestream","status":"publish","type":"post","link":"https:\/\/schwarze-welle.com\/?p=2021","title":{"rendered":"POWERWOLF mit gro\u00dfem Kino- &#8218;The Monumental Mass&#8216; im Livestream"},"content":{"rendered":"<p><img data-recalc-dims=\"1\" fetchpriority=\"high\" decoding=\"async\" class=\"size-full wp-image-2022 aligncenter\" src=\"https:\/\/i0.wp.com\/sendeplan.schwarze-welle.com\/wp-content\/uploads\/2022\/03\/Powerwolf_2021_01.png?resize=359%2C493&#038;ssl=1\" alt=\"\" width=\"359\" height=\"493\" \/><\/p>\n<p style=\"text-align: center;\">A Cinematic Metal Event<\/p>\n<p>&nbsp;<\/p>\n<p>&nbsp;<\/p>\n<blockquote><p>Via\u00a0<a class=\"postlink\" href=\"https:\/\/napalmrecords.com\/\">Napalm Records<\/a>\u00a0ver\u00f6ffentlichte die Saarbr\u00fccker Power-Metal-Formation im Juli dieses Jahrs, mit\u00a0<em class=\"text-italics\">Call of the Wild<\/em>, ihr achtes Studioalbum und erweiterte damit die Erfolgsgeschichte von POWERWOLF mehr als eindrucksvoll.<\/p>\n<p>Doch damit nicht genug. Das spirituelle Quintett, bestehend aus Frontmann Attila Dorn, Bassist Charles Greywolf, Schlagzeuger Roel van Helden, Gittarist Matthew Greywolf und Falk Maria Schlegel an der Orgel, setzt am\u00a0<span class=\"glow\">17. Dezember 2021<\/span>, mit ihrem ersten Live-Streaming-Event\u00a0<span class=\"glow\">The Monumental Mass &#8211; A Cinematic Metal Event<\/span>, einen neuen Ma\u00dfstab.<\/p>\n<p>So rufen\u00a0<strong><span class=\"glow\">POWERWOLF<\/span><\/strong>\u00a0ihre Fangemeinde auf, an dem epischen Metal-Moment der Superlative teilzunehmen:<\/p>\n<p><em class=\"text-italics\">\u201cHaltet euch bereit f\u00fcr eine Welt, wie ihr sie noch nie gesehen habt, eine Setlist, wie ihr sie noch nie geh\u00f6rt habt, und eine Geschichte, wie ihr sie noch nie erz\u00e4hlt bekommen habt!<br \/>\nDieser Event ist nicht einfach ein Live-Stream, sondern eine Reise weit \u00fcber die Grenzen des Realen hinaus. Ihr werdet atemberaubende Visualisierungen, Pyrotechnik, die eine Klasse f\u00fcr sich ist, und eine Vielzahl faszinierender und exklusiver Show-Elemente, die ihr so noch nie von POWERWOLF gesehen habt, erleben.\u201d<\/em><\/p>\n<p>Im Stile eines Countdowns, bietet die Band, die sich 2003 aus der Taufe hob, ihren Anh\u00e4ngern, mit der Ver\u00f6ffentlichung dreier vielversprechender Trailer, erste Einblicke auf das kommende Spektakel.<\/p><\/blockquote>\n<p><iframe hcb-fetch-image-from=\"https:\/\/youtu.be\/PnQ3Ciorvjo\" title=\"POWERWOLF - The Monumental Mass: A Cinematic Metal Event\" width=\"1170\" height=\"658\" src=\"https:\/\/www.youtube.com\/embed\/PnQ3Ciorvjo?feature=oembed\" frameborder=\"0\" allow=\"accelerometer; autoplay; clipboard-write; encrypted-media; gyroscope; picture-in-picture\" allowfullscreen><\/iframe><\/p>\n<p><iframe hcb-fetch-image-from=\"https:\/\/youtu.be\/pLBE1qr-Z1w\" title=\"POWERWOLF - The Monumental Mass (Official Trailer 2)\" width=\"1170\" height=\"658\" src=\"https:\/\/www.youtube.com\/embed\/pLBE1qr-Z1w?feature=oembed\" frameborder=\"0\" allow=\"accelerometer; autoplay; clipboard-write; encrypted-media; gyroscope; picture-in-picture\" allowfullscreen><\/iframe><\/p>\n<p>&nbsp;<\/p>\n<p><iframe hcb-fetch-image-from=\"https:\/\/youtu.be\/GC4yPNw5hbA\" title=\"POWERWOLF - The Monumental Mass (Official Trailer 3)\" width=\"1170\" height=\"658\" src=\"https:\/\/www.youtube.com\/embed\/GC4yPNw5hbA?feature=oembed\" frameborder=\"0\" allow=\"accelerometer; autoplay; clipboard-write; encrypted-media; gyroscope; picture-in-picture\" allowfullscreen><\/iframe><\/p>\n<p>&nbsp;<\/p>\n<p>Um der gigantischen und monumentalen Messe beizuwohnen, k\u00f6nnt ihr\u00a0<a class=\"postlink\" href=\"http:\/\/www.powerwolfstream.com\/\">HIER<\/a>\u00a0eure Tickets erwerben.<\/p>\n<p>Der Start einer gemeinsamen Tour mit\u00a0<a class=\"postlink\" href=\"https:\/\/dragonforce.com\/\">DRAGONFORCE<\/a>\u00a0und\u00a0<a class=\"postlink\" href=\"https:\/\/www.facebook.com\/warkingsmetal\/\">WARKINGS<\/a>\u00a0ist f\u00fcr November 2022 geplant.<\/p>\n<p><em><strong class=\"text-strong\">Mehr Infos zur Tour findet ihr unter diesem\u00a0<a class=\"postlink\" href=\"https:\/\/www.powerwolf.net\/tour\/\">Link<\/a>.<\/strong><\/em><\/p>\n<p>11.11.22 DE \u2013 Berlin<br \/>\n12.11.22 DE \u2013 M\u00fcnchen<br \/>\n13.11.22 CZ \u2013 Prag<br \/>\n14.11.22 PL \u2013 Katowice<br \/>\n16.11.22 HU \u2013 Budapest<br \/>\n17.11.22 AT \u2013 Wien<br \/>\n18.11.22 DE \u2013 Stuttgart<br \/>\n19.11.22 CH \u2013 Z\u00fcrich<br \/>\n21.11.22 ES \u2013 Barcelona<br \/>\n22.11.22 ES \u2013 Madrid<br \/>\n24.11.22 IT \u2013 Mailand<br \/>\n25.11.22 DE \u2013 Frankfurt<br \/>\n26.11.22 DE \u2013 Oberhausen<br \/>\n27.11.22 FR \u2013 Paris<br \/>\n29.11.22 UK \u2013 London*<br \/>\n01.12.22 NL \u2013 Amsterdam<br \/>\n02.12.22 DE \u2013 Hamburg<br \/>\n03.12.22 DE \u2013 Saarbr\u00fccken<br \/>\n04.12.22 BE \u2013 Antwerpen<\/p>\n<p>*hier werden Dragonforce nicht dabei sein<\/p>\n<p><em><strong class=\"text-strong\">Websites<\/strong><\/em><\/p>\n<p><a class=\"postlink\" href=\"https:\/\/www.powerwolf.net\/\">https:\/\/www.powerwolf.net\/<\/a><br \/>\n<a class=\"postlink\" href=\"https:\/\/www.facebook.com\/powerwolfmetal\">https:\/\/www.facebook.com\/powerwolfmetal<\/a><\/p>\n<p>&nbsp;<\/p>\n<p>&nbsp;<\/p>\n","protected":false},"excerpt":{"rendered":"<p>A Cinematic Metal Event &nbsp; &nbsp; Via\u00a0Napalm Records\u00a0ver\u00f6ffentlichte die Saarbr\u00fccker Power-Metal-Formation im Juli dieses Jahrs, mit\u00a0Call of the Wild, ihr achtes Studioalbum und erweiterte damit die Erfolgsgeschichte von POWERWOLF mehr als eindrucksvoll. Doch damit nicht genug. Das spirituelle Quintett, bestehend aus Frontmann Attila Dorn, Bassist Charles Greywolf, Schlagzeuger Roel van ...<\/p>\n","protected":false},"author":5,"featured_media":2022,"comment_status":"closed","ping_status":"closed","sticky":false,"template":"","format":"standard","meta":{"_acf_changed":false,"ngg_post_thumbnail":0,"_jetpack_memberships_contains_paid_content":false,"footnotes":""},"categories":[22,17],"tags":[154],"class_list":["post-2021","post","type-post","status-publish","format-standard","has-post-thumbnail","hentry","category-archiv","category-news","tag-powerwolf"],"acf":[],"jetpack_featured_media_url":"https:\/\/i0.wp.com\/schwarze-welle.com\/wp-content\/uploads\/2022\/03\/Powerwolf_2021_01.png?fit=359%2C493&ssl=1","jetpack_sharing_enabled":true,"_links":{"self":[{"href":"https:\/\/schwarze-welle.com\/index.php?rest_route=\/wp\/v2\/posts\/2021","targetHints":{"allow":["GET"]}}],"collection":[{"href":"https:\/\/schwarze-welle.com\/index.php?rest_route=\/wp\/v2\/posts"}],"about":[{"href":"https:\/\/schwarze-welle.com\/index.php?rest_route=\/wp\/v2\/types\/post"}],"author":[{"embeddable":true,"href":"https:\/\/schwarze-welle.com\/index.php?rest_route=\/wp\/v2\/users\/5"}],"replies":[{"embeddable":true,"href":"https:\/\/schwarze-welle.com\/index.php?rest_route=%2Fwp%2Fv2%2Fcomments&post=2021"}],"version-history":[{"count":0,"href":"https:\/\/schwarze-welle.com\/index.php?rest_route=\/wp\/v2\/posts\/2021\/revisions"}],"wp:featuredmedia":[{"embeddable":true,"href":"https:\/\/schwarze-welle.com\/index.php?rest_route=\/wp\/v2\/media\/2022"}],"wp:attachment":[{"href":"https:\/\/schwarze-welle.com\/index.php?rest_route=%2Fwp%2Fv2%2Fmedia&parent=2021"}],"wp:term":[{"taxonomy":"category","embeddable":true,"href":"https:\/\/schwarze-welle.com\/index.php?rest_route=%2Fwp%2Fv2%2Fcategories&post=2021"},{"taxonomy":"post_tag","embeddable":true,"href":"https:\/\/schwarze-welle.com\/index.php?rest_route=%2Fwp%2Fv2%2Ftags&post=2021"}],"curies":[{"name":"wp","href":"https:\/\/api.w.org\/{rel}","templated":true}]}}