{"id":1906,"date":"2021-09-28T20:59:04","date_gmt":"2021-09-28T18:59:04","guid":{"rendered":"https:\/\/sendeplan.schwarze-welle.com\/?p=1906"},"modified":"2022-03-20T22:25:28","modified_gmt":"2022-03-20T21:25:28","slug":"vended-veroeffentlichen-debuetsingle-asylum","status":"publish","type":"post","link":"https:\/\/schwarze-welle.com\/?p=1906","title":{"rendered":"VENDED ver\u00f6ffentlichen Deb\u00fctsingle \u201eAsylum\u201c"},"content":{"rendered":"<p><img data-recalc-dims=\"1\" fetchpriority=\"high\" decoding=\"async\" class=\"size-full wp-image-1907 aligncenter\" src=\"https:\/\/i0.wp.com\/sendeplan.schwarze-welle.com\/wp-content\/uploads\/2022\/03\/Vended-1.1.png?resize=300%2C294&#038;ssl=1\" alt=\"\" width=\"300\" height=\"294\" \/><\/p>\n<p>&nbsp;<\/p>\n<p>Die amerikanische Metal-Band VENDET gr\u00fcndete sich bereits 2018 und bereitet sich wohl durchdacht darauf vor, der Szene zuk\u00fcnftig mit ihrer schweren Klangkunst auf die Ohren zu geben.<\/p>\n<p>Mit der Ver\u00f6ffentlichung der Deb\u00fctsingle\u00a0<em class=\"text-italics\">\u201cAsylum\u201d<\/em>\u00a0am 20. September 2021 spendet VENDED den Anh\u00e4ngern des Nu-Metal einen ersten Einblick auf das, was da in Zukunft noch kommen wird.<\/p>\n<p>Hinter der 5-k\u00f6pfigen Formation stecken die beiden\u00a0<a class=\"postlink\" href=\"https:\/\/de.wikipedia.org\/wiki\/Slipknot\">SLIPKNOT<\/a>-Spr\u00f6sslinge Griffin Taylor (Gesang) und Simon Graham (Schlagzeug), die von Jeremiah Pugh (Bass) und den beiden Gitarristen Cole Espeland und Connor Grodzicki komplettiert werden.<\/p>\n<p>Da die Musiker pandemiebedingt bisher nur wenige Live-Auftritte performen konnten, nutzten sie 2020 das virtuelle SLIPKNOT-Festival \u201cPulse Of The Maggots\u201d, um sich der \u00d6ffentlichkeit zu pr\u00e4sentieren.<br \/>\nBei den \u201cKnotfests\u201c, die am 25.09.2021 in Iowa und am 05.11.2021 in Los Angeles stattfinden, bekamen die privilegierten Ableger des Ausrichters SLIPKNOT jeweils den Zuschlag, das Festival er\u00f6ffnen zu d\u00fcrfen.<\/p>\n<p>&nbsp;<\/p>\n<p><img data-recalc-dims=\"1\" decoding=\"async\" class=\"size-full wp-image-1908 aligncenter\" src=\"https:\/\/i0.wp.com\/sendeplan.schwarze-welle.com\/wp-content\/uploads\/2022\/03\/Vended-Knotfest.png?resize=400%2C202&#038;ssl=1\" alt=\"\" width=\"400\" height=\"202\" \/><\/p>\n<p>&nbsp;<\/p>\n<p>Nicht zuletzt durch den v\u00e4terlichen Support hat die \u201cNew Metal Generation\u201d VENDED, die sich gern in Metal-Kluft und mit schwarz-blau bemalten K\u00f6rpern pr\u00e4sentiert, gute M\u00f6glichkeiten, sich zu etablieren und aus einer reichhaltigen Erfahrungsquelle zu sch\u00f6pfen.<br \/>\nTats\u00e4chlich erinnern die &#8222;Jungen Wilden\u201d mit ihrer Singleauskopplung\u00a0<em class=\"text-italics\">\u201cAsylum\u201d<\/em>, durch aggressiven Gesang und scheppernden Sound, an die fr\u00fchen SLIPKNOTs.<br \/>\nDie Ver\u00f6ffentlichung einer EP ist in K\u00fcrze geplant, jedoch hat die Band hierzu noch kein Erscheinungsdatum bekannt gegeben.<\/p>\n<p>&nbsp;<\/p>\n<p><iframe hcb-fetch-image-from=\"https:\/\/youtu.be\/PyHhtgo277k\" title=\"Vended Asylum Official audio\ufffc\" width=\"1170\" height=\"878\" src=\"https:\/\/www.youtube.com\/embed\/PyHhtgo277k?feature=oembed\" frameborder=\"0\" allow=\"accelerometer; autoplay; clipboard-write; encrypted-media; gyroscope; picture-in-picture\" allowfullscreen><\/iframe><\/p>\n<p>&nbsp;<\/p>\n<h3><em><strong>Websites<\/strong><\/em><\/h3>\n<p><a class=\"postlink\" href=\"https:\/\/www.officialvended.com\/\">https:\/\/www.officialvended.com\/<\/a><br \/>\n<a class=\"postlink\" href=\"https:\/\/www.facebook.com\/vendedofficial\">https:\/\/www.facebook.com\/vendedofficial<\/a><\/p>\n<p>&nbsp;<\/p>\n<p>&nbsp;<\/p>\n","protected":false},"excerpt":{"rendered":"<p>&nbsp; Die amerikanische Metal-Band VENDET gr\u00fcndete sich bereits 2018 und bereitet sich wohl durchdacht darauf vor, der Szene zuk\u00fcnftig mit ihrer schweren Klangkunst auf die Ohren zu geben. Mit der Ver\u00f6ffentlichung der Deb\u00fctsingle\u00a0\u201cAsylum\u201d\u00a0am 20. September 2021 spendet VENDED den Anh\u00e4ngern des Nu-Metal einen ersten Einblick auf das, was da in ...<\/p>\n","protected":false},"author":5,"featured_media":1907,"comment_status":"closed","ping_status":"closed","sticky":false,"template":"","format":"standard","meta":{"_acf_changed":false,"ngg_post_thumbnail":0,"_jetpack_memberships_contains_paid_content":false,"footnotes":""},"categories":[22,17],"tags":[147,321],"class_list":["post-1906","post","type-post","status-publish","format-standard","has-post-thumbnail","hentry","category-archiv","category-news","tag-knotfest","tag-vended"],"acf":[],"jetpack_featured_media_url":"https:\/\/i0.wp.com\/schwarze-welle.com\/wp-content\/uploads\/2022\/03\/Vended-1.1.png?fit=300%2C294&ssl=1","jetpack_sharing_enabled":true,"_links":{"self":[{"href":"https:\/\/schwarze-welle.com\/index.php?rest_route=\/wp\/v2\/posts\/1906","targetHints":{"allow":["GET"]}}],"collection":[{"href":"https:\/\/schwarze-welle.com\/index.php?rest_route=\/wp\/v2\/posts"}],"about":[{"href":"https:\/\/schwarze-welle.com\/index.php?rest_route=\/wp\/v2\/types\/post"}],"author":[{"embeddable":true,"href":"https:\/\/schwarze-welle.com\/index.php?rest_route=\/wp\/v2\/users\/5"}],"replies":[{"embeddable":true,"href":"https:\/\/schwarze-welle.com\/index.php?rest_route=%2Fwp%2Fv2%2Fcomments&post=1906"}],"version-history":[{"count":0,"href":"https:\/\/schwarze-welle.com\/index.php?rest_route=\/wp\/v2\/posts\/1906\/revisions"}],"wp:featuredmedia":[{"embeddable":true,"href":"https:\/\/schwarze-welle.com\/index.php?rest_route=\/wp\/v2\/media\/1907"}],"wp:attachment":[{"href":"https:\/\/schwarze-welle.com\/index.php?rest_route=%2Fwp%2Fv2%2Fmedia&parent=1906"}],"wp:term":[{"taxonomy":"category","embeddable":true,"href":"https:\/\/schwarze-welle.com\/index.php?rest_route=%2Fwp%2Fv2%2Fcategories&post=1906"},{"taxonomy":"post_tag","embeddable":true,"href":"https:\/\/schwarze-welle.com\/index.php?rest_route=%2Fwp%2Fv2%2Ftags&post=1906"}],"curies":[{"name":"wp","href":"https:\/\/api.w.org\/{rel}","templated":true}]}}