{"id":1498,"date":"2021-12-31T22:47:44","date_gmt":"2021-12-31T21:47:44","guid":{"rendered":"https:\/\/sendeplan.schwarze-welle.com\/?p=1498"},"modified":"2022-03-20T22:46:16","modified_gmt":"2022-03-20T21:46:16","slug":"1498","status":"publish","type":"post","link":"https:\/\/schwarze-welle.com\/?p=1498","title":{"rendered":"Seid willkommen am Lagerfeuer! Medieval-Folks mit SANGER FRA NORD"},"content":{"rendered":"<p><img data-recalc-dims=\"1\" fetchpriority=\"high\" decoding=\"async\" class=\"size-full wp-image-1499 aligncenter\" src=\"https:\/\/i0.wp.com\/sendeplan.schwarze-welle.com\/wp-content\/uploads\/2022\/03\/SangerFraNord_2021_01.png?resize=450%2C301&#038;ssl=1\" alt=\"\" width=\"450\" height=\"301\" \/><\/p>\n<p>&nbsp;<\/p>\n<p>Am Samstag, den 22. Januar 2022 um 21:00 Uhr, werden SANGER FRA NORD bei unserem Moderatoren-Team,\u00a0<a class=\"postlink\" href=\"https:\/\/schwarze-welle.com\/members\/zolli\/\">Zolli<\/a>\u00a0und\u00a0<a class=\"postlink\" href=\"https:\/\/schwarze-welle.com\/members\/darkemotion\/\">DarkEmotion<\/a>, zu Gast sein. Sicherlich wird euch das sympathische Mittelalter-Quartett dann Einiges \u00fcber sich erz\u00e4hlen, doch sei an dieser Stelle schon einmal ein wenig Vorarbeit geleistet, die Begeisterung geteilt und die Vorfreude gesch\u00fcrt.<\/p>\n<p>Durch einen Zufall durfte die Autorin, auf dem Le Petit March\u00e9 M\u00e9di\u00e9val, im Rahmen des\u00a0<a class=\"postlink\" href=\"https:\/\/www.plagenoire.de\/\">Plage Noire<\/a> 2021, alten Heldensagen und volkst\u00fcmlichen \u00dcberlieferungen aus Skandinavien und Slawien lauschen, die froh gelaunt von der Vierer-Kombo vorgetragen wurden und berichtete &gt;&gt;<a class=\"postlink\" href=\"https:\/\/forum.schwarze-welle.com\/viewtopic.php?p=548#p548\">HIER&lt;&lt;<\/a>\u00a0bereits \u00fcber das Festival, inklusive des \u00e4u\u00dferst gelungenen Kontrastprogramms, dargeboten von SANGER FRA NORD.<\/p>\n<p><img data-recalc-dims=\"1\" decoding=\"async\" class=\"size-full wp-image-1500 aligncenter\" src=\"https:\/\/i0.wp.com\/sendeplan.schwarze-welle.com\/wp-content\/uploads\/2022\/03\/SangerFraNord_2021_02.png?resize=420%2C414&#038;ssl=1\" alt=\"\" width=\"420\" height=\"414\" srcset=\"https:\/\/i0.wp.com\/schwarze-welle.com\/wp-content\/uploads\/2022\/03\/SangerFraNord_2021_02.png?w=420&amp;ssl=1 420w, https:\/\/i0.wp.com\/schwarze-welle.com\/wp-content\/uploads\/2022\/03\/SangerFraNord_2021_02.png?resize=100%2C100&amp;ssl=1 100w\" sizes=\"(max-width: 420px) 100vw, 420px\" \/><\/p>\n<p>&nbsp;<\/p>\n<p>Doch wer sind nun diese fr\u00f6hlichen Musikanten, die sich einem ganz eigenen Genre des Medieval-Folks verschrieben haben und sich im Jahr 2018 als SANGER FRA NORD aus der Taufe hoben?<\/p>\n<p>Jonathan\u00a0(Laute, Gesang) gilt als Poet der Formation. Charmant und charismatisch, war er bereits seit 2016 auf diversen Mittelalter-M\u00e4rkten unterwegs, um zu musizieren.<\/p>\n<p>Jonathans Frau\u00a0Jenny\u00a0(Laute, Gesang), die zuvor mit\u00a0<a class=\"postlink\" href=\"https:\/\/www.dasrattenpack.de\/\">DAS RATTENPACK<\/a>\u00a0unterwegs war, zeichnet sich durch ihre Leidenschaft und ihre Affinit\u00e4t zu baltischen und osteurop\u00e4ischen Sprachen aus, die sich in den Liedern der Folk-Band widerspiegelt.<\/p>\n<p>2019 kam Perkussionist und S\u00e4nger\u00a0Marlon\u00a0hinzu. Der entspannte Musiker \u00fcberzeugt sowohl mit seinem feinen Gesp\u00fcr f\u00fcr Rhythmus, als auch mit seiner fr\u00f6hlich positiven Art, die er auf seine Mitmenschen transportiert.<\/p>\n<p>Komplettiert wurden SANGER FRA NORD, die 2021 ebenfalls auf dem\u00a0<a class=\"postlink\" href=\"https:\/\/www.metal-hammer-paradise.de\/\">Metal Hammer Paradise<\/a>\u00a0zu sehen und zu h\u00f6ren waren, letztendlich im Jahr 2020, von der quirligen D\u00e4nin\u00a0Ingrid\u00a0(Nyckelharpa, Gesang), die zuvor ebenfalls bei DAS RATTENPACK spielte. Sie gilt als Inbegriff der Harmonielehre und bereichert die Gruppe, in ihren m\u00e4rchenhaften Arrangements, mit ihrem umfassenden technischen Wissen.<\/p>\n<p><iframe hcb-fetch-image-from=\"https:\/\/youtu.be\/jRUOGLorJvw\" title=\"Hej soko\u0142y! (Polish\/Ukrainian Folk Song) - Sanger fra Nord\" width=\"1170\" height=\"658\" src=\"https:\/\/www.youtube.com\/embed\/jRUOGLorJvw?feature=oembed\" frameborder=\"0\" allow=\"accelerometer; autoplay; clipboard-write; encrypted-media; gyroscope; picture-in-picture\" allowfullscreen><\/iframe><\/p>\n<p>In Zusammenarbeit mit Freund und Musiker\u00a0<a class=\"postlink\" href=\"https:\/\/www.facebook.com\/ragnar.rotvik.2\">Ragnar Rotvik<\/a>, der sich sowohl Nordischer Mythologie, als auch historischer Lieder \u00fcber die Wikinger, verschrieben hat, arrangierten SANGAR FRA NORD dessen Song\u00a0<strong><em class=\"text-italics\">\u201cAuf Wiking\u201d<\/em><\/strong>\u00a0neu und lassen ihn in gl\u00e4nzendem Gewand erstrahlen. Der Visualizer hierzu erschien im April 2021.<\/p>\n<p><iframe hcb-fetch-image-from=\"https:\/\/youtu.be\/hHcS9_Y8lHE\" title=\"Auf Wiking - Sanger fra Nord &amp; Ragnar Rotvik\" width=\"1170\" height=\"658\" src=\"https:\/\/www.youtube.com\/embed\/hHcS9_Y8lHE?feature=oembed\" frameborder=\"0\" allow=\"accelerometer; autoplay; clipboard-write; encrypted-media; gyroscope; picture-in-picture\" allowfullscreen><\/iframe><\/p>\n<p>Der Mittelalter-Rock-Track\u00a0<strong><em class=\"text-italics\">\u201cPull\u201d<\/em><\/strong>, im Feature mit\u00a0<a class=\"postlink\" href=\"https:\/\/www.facebook.com\/forgottennorth\/\">Forgotten North<\/a>, fand sein Release am 31. Dezember 2021. Hier erscheinen die friedlichen Musikanten einmal in einem etwas anderen Licht und bieten ihrer Anh\u00e4ngerschaft eine weitere Facette ihres Schaffens. Hier der aktuelle Visualizer f\u00fcr euch.<\/p>\n<p><iframe hcb-fetch-image-from=\"https:\/\/youtu.be\/oaK_D-kX_00\" title=\"FORGOTTEN NORTH feat. SANGER FRA NORD - Pull (OFFICIAL MUSIC VIDEO) [New Single]\" width=\"1170\" height=\"658\" src=\"https:\/\/www.youtube.com\/embed\/oaK_D-kX_00?feature=oembed\" frameborder=\"0\" allow=\"accelerometer; autoplay; clipboard-write; encrypted-media; gyroscope; picture-in-picture\" allowfullscreen><\/iframe><\/p>\n<p><em><strong>\u00dcbrigens:<\/strong><\/em> F\u00fcr das Contest-Projekt &#8222;DEIN SONG AUF CD&#8220;, durch\u00a0<a class=\"postlink\" href=\"https:\/\/www.facebook.com\/diegoennerei\/\">Die G\u00f6nnerei<\/a>\u00a0ins Leben gerufen, fungieren SFN, gemeinsam mit\u00a0<a class=\"postlink\" href=\"https:\/\/www.facebook.com\/Folks-on-Planks-426094417889218\/\">FOLKS ON PLANKS<\/a>\u00a0und DAS RATTENPACK, als Support-Band.<br \/>\nNat\u00fcrlich sind hier ebenfalls die Gewinner des Contests,\u00a0<a class=\"postlink\" href=\"https:\/\/www.facebook.com\/folkyjune\/\">FOLKY JUNE<\/a>,\u00a0<a class=\"postlink\" href=\"https:\/\/www.facebook.com\/elderlandband\/\">ELDERLAND<\/a>,\u00a0<a class=\"postlink\" href=\"https:\/\/www.facebook.com\/Beauty-and-the-Bard-108295434372419\/\">BEAUTY AND THE BARD<\/a>,\u00a0<a class=\"postlink\" href=\"https:\/\/www.facebook.com\/farunamusic\">FARUNA<\/a>\u00a0und\u00a0<a class=\"postlink\" href=\"https:\/\/www.facebook.com\/TaurusFerus\/\">TAURUS FERUS<\/a>, mit jeweils zwei Songs, die sie gratis im Studio aufnehmen d\u00fcrfen, mit von der Partie.<\/p>\n<p>Auch ein Deb\u00fctalbum von SANGER FRA NORD ist bereits geplant. Die Studioarbeit hierzu soll im Fr\u00fchjahr 2022 beginnen. Genaueres erfahrt ihr sicherlich in dem exklusiven Interview auf\u00a0<a class=\"postlink\" href=\"https:\/\/schwarze-welle.com\/\">RSW<\/a>.<\/p>\n<p><strong class=\"text-strong\">Websites<\/strong><\/p>\n<p><a class=\"postlink\" href=\"https:\/\/www.sangerfranord.com\/\">https:\/\/www.sangerfranord.com\/<\/a><br \/>\n<a class=\"postlink\" href=\"https:\/\/www.facebook.com\/SangerfraNord\">https:\/\/www.facebook.com\/SangerfraNord<\/a><\/p>\n","protected":false},"excerpt":{"rendered":"<p>&nbsp; Am Samstag, den 22. Januar 2022 um 21:00 Uhr, werden SANGER FRA NORD bei unserem Moderatoren-Team,\u00a0Zolli\u00a0und\u00a0DarkEmotion, zu Gast sein. Sicherlich wird euch das sympathische Mittelalter-Quartett dann Einiges \u00fcber sich erz\u00e4hlen, doch sei an dieser Stelle schon einmal ein wenig Vorarbeit geleistet, die Begeisterung geteilt und die Vorfreude gesch\u00fcrt. Durch ...<\/p>\n","protected":false},"author":5,"featured_media":1499,"comment_status":"closed","ping_status":"closed","sticky":false,"template":"","format":"standard","meta":{"_acf_changed":false,"ngg_post_thumbnail":0,"_jetpack_memberships_contains_paid_content":false,"footnotes":""},"categories":[22,21],"tags":[298],"class_list":["post-1498","post","type-post","status-publish","format-standard","has-post-thumbnail","hentry","category-archiv","category-bandvorstellung","tag-sanger-fra-nord"],"acf":[],"jetpack_featured_media_url":"https:\/\/i0.wp.com\/schwarze-welle.com\/wp-content\/uploads\/2022\/03\/SangerFraNord_2021_01.png?fit=450%2C301&ssl=1","jetpack_sharing_enabled":true,"_links":{"self":[{"href":"https:\/\/schwarze-welle.com\/index.php?rest_route=\/wp\/v2\/posts\/1498","targetHints":{"allow":["GET"]}}],"collection":[{"href":"https:\/\/schwarze-welle.com\/index.php?rest_route=\/wp\/v2\/posts"}],"about":[{"href":"https:\/\/schwarze-welle.com\/index.php?rest_route=\/wp\/v2\/types\/post"}],"author":[{"embeddable":true,"href":"https:\/\/schwarze-welle.com\/index.php?rest_route=\/wp\/v2\/users\/5"}],"replies":[{"embeddable":true,"href":"https:\/\/schwarze-welle.com\/index.php?rest_route=%2Fwp%2Fv2%2Fcomments&post=1498"}],"version-history":[{"count":0,"href":"https:\/\/schwarze-welle.com\/index.php?rest_route=\/wp\/v2\/posts\/1498\/revisions"}],"wp:featuredmedia":[{"embeddable":true,"href":"https:\/\/schwarze-welle.com\/index.php?rest_route=\/wp\/v2\/media\/1499"}],"wp:attachment":[{"href":"https:\/\/schwarze-welle.com\/index.php?rest_route=%2Fwp%2Fv2%2Fmedia&parent=1498"}],"wp:term":[{"taxonomy":"category","embeddable":true,"href":"https:\/\/schwarze-welle.com\/index.php?rest_route=%2Fwp%2Fv2%2Fcategories&post=1498"},{"taxonomy":"post_tag","embeddable":true,"href":"https:\/\/schwarze-welle.com\/index.php?rest_route=%2Fwp%2Fv2%2Ftags&post=1498"}],"curies":[{"name":"wp","href":"https:\/\/api.w.org\/{rel}","templated":true}]}}