{"id":12791,"date":"2026-04-24T16:00:00","date_gmt":"2026-04-24T14:00:00","guid":{"rendered":"https:\/\/schwarze-welle.com\/?p=12791"},"modified":"2026-04-24T16:12:23","modified_gmt":"2026-04-24T14:12:23","slug":"hinter-den-pulten-finaler-teil","status":"publish","type":"post","link":"https:\/\/schwarze-welle.com\/?p=12791","title":{"rendered":"Hinter den Pulten &#8211; Finaler Teil"},"content":{"rendered":"<h2><img data-recalc-dims=\"1\" fetchpriority=\"high\" decoding=\"async\" class=\"aligncenter size-medium wp-image-12744\" src=\"https:\/\/i0.wp.com\/schwarze-welle.com\/wp-content\/uploads\/2026\/04\/Teil-3.jpg?resize=770%2C645&#038;ssl=1\" alt=\"\" width=\"770\" height=\"645\" srcset=\"https:\/\/i0.wp.com\/schwarze-welle.com\/wp-content\/uploads\/2026\/04\/Teil-3.jpg?resize=770%2C645&amp;ssl=1 770w, https:\/\/i0.wp.com\/schwarze-welle.com\/wp-content\/uploads\/2026\/04\/Teil-3.jpg?resize=768%2C644&amp;ssl=1 768w, https:\/\/i0.wp.com\/schwarze-welle.com\/wp-content\/uploads\/2026\/04\/Teil-3.jpg?w=940&amp;ssl=1 940w\" sizes=\"(max-width: 770px) 100vw, 770px\" \/><\/h2>\n<p>In diesem finalen Teil unserer dreiteiligen Reportage entf\u00fchren wir euch in die Welt von drei international t\u00e4tigen DJs, n\u00e4mlich Thomas Rainer, faux na\u00efv und Mara Mortem.<\/p>\n<h2><a name=\"_Toc227645354\"><\/a>Thomas Rainer<\/h2>\n<figure id=\"attachment_12798\" aria-describedby=\"caption-attachment-12798\" style=\"width: 770px\" class=\"wp-caption aligncenter\"><img data-recalc-dims=\"1\" decoding=\"async\" class=\"size-medium wp-image-12798\" src=\"https:\/\/i0.wp.com\/schwarze-welle.com\/wp-content\/uploads\/2026\/04\/WhatsApp-Image-2026-04-23-at-14.38.09-1.jpeg?resize=770%2C433&#038;ssl=1\" alt=\"\" width=\"770\" height=\"433\" srcset=\"https:\/\/i0.wp.com\/schwarze-welle.com\/wp-content\/uploads\/2026\/04\/WhatsApp-Image-2026-04-23-at-14.38.09-1.jpeg?resize=770%2C433&amp;ssl=1 770w, https:\/\/i0.wp.com\/schwarze-welle.com\/wp-content\/uploads\/2026\/04\/WhatsApp-Image-2026-04-23-at-14.38.09-1.jpeg?resize=1170%2C658&amp;ssl=1 1170w, https:\/\/i0.wp.com\/schwarze-welle.com\/wp-content\/uploads\/2026\/04\/WhatsApp-Image-2026-04-23-at-14.38.09-1.jpeg?resize=768%2C432&amp;ssl=1 768w, https:\/\/i0.wp.com\/schwarze-welle.com\/wp-content\/uploads\/2026\/04\/WhatsApp-Image-2026-04-23-at-14.38.09-1.jpeg?resize=1536%2C864&amp;ssl=1 1536w, https:\/\/i0.wp.com\/schwarze-welle.com\/wp-content\/uploads\/2026\/04\/WhatsApp-Image-2026-04-23-at-14.38.09-1.jpeg?w=2048&amp;ssl=1 2048w\" sizes=\"(max-width: 770px) 100vw, 770px\" \/><figcaption id=\"caption-attachment-12798\" class=\"wp-caption-text\">Picture: Smittenpictures<\/figcaption><\/figure>\n<p style=\"font-weight: 400;\">Wer an einem Abend mit diesem DJ zu Gast ist, weiss, dass ihn harte B\u00e4sse und ein Spektakel erwarten, das in dieser Art seinesgleichen sucht. Thomas Rainer ist seit Mitte der 90er Jahre als DJ t\u00e4tig, sp\u00e4ter nat\u00fcrlich erlangte er Bekanntheit mit seinen Projekten Siechtum (ehemals), L\u2019\u00c2me Immortelle und Nachtmahr. Dem DJing ist er treu geblieben \u2013 bis heute f\u00fchrt er als sympathischer \u00abTanzdiktator\u00bb durch die Nacht und pr\u00e4gt die Stimmung des Abends.<\/p>\n<p style=\"font-weight: 400;\">Thomas Rainer betrieb f\u00fcr einige Jahre den Wiener Club Pi Wien, dessen Abschiedsfeier 2013 stattfand. Das Projekt f\u00fchrte er mit Freunden \u2013 die Genres dort waren nach Wochentag kategorisiert. Legt Thomas auf, so ist er in den unterschiedlichsten Genres zu Hause \u2013 sein Fokus liegt allerdings bei Dark Techno.<\/p>\n<p style=\"font-weight: 400;\">Eine Option, wie das Publikum sich Neuem \u00f6ffnet, ist die Verwendung alternativer Versionen bekannter Songs. Thomas erl\u00e4utert, dass es von zentraler Relevanz ist, ein Gef\u00fchl f\u00fcr die \u00abVibes im Raum\u00bb zu haben \u2013 und die Balance zu finden zwischen Dienstleistung und kleinem Bildungsauftrag.<\/p>\n<p style=\"font-weight: 400;\">Seine Karriere als DJ begann bereits im Jugendalter, er legte in einem Jugendheim mit Kassetten auf. Musik interessierte ihn schon immer, aber erst mit seinem eigenen Klub nahm er die T\u00e4tigkeit als DJ wirklich auf: \u00abIch verstehe mich als Reiseleiter f\u00fcr die Klubnacht.\u00bb Thomas sagt, er als DJ habe auch die Macht dar\u00fcber, wie sich die Stimmung entwickeln k\u00f6nne.<\/p>\n<p><img data-recalc-dims=\"1\" decoding=\"async\" class=\"aligncenter size-medium wp-image-12796\" src=\"https:\/\/i0.wp.com\/schwarze-welle.com\/wp-content\/uploads\/2026\/04\/WhatsApp-Image-2026-04-23-at-14.38.08-1.jpeg?resize=770%2C513&#038;ssl=1\" alt=\"\" width=\"770\" height=\"513\" srcset=\"https:\/\/i0.wp.com\/schwarze-welle.com\/wp-content\/uploads\/2026\/04\/WhatsApp-Image-2026-04-23-at-14.38.08-1.jpeg?resize=770%2C513&amp;ssl=1 770w, https:\/\/i0.wp.com\/schwarze-welle.com\/wp-content\/uploads\/2026\/04\/WhatsApp-Image-2026-04-23-at-14.38.08-1.jpeg?resize=1170%2C780&amp;ssl=1 1170w, https:\/\/i0.wp.com\/schwarze-welle.com\/wp-content\/uploads\/2026\/04\/WhatsApp-Image-2026-04-23-at-14.38.08-1.jpeg?resize=768%2C512&amp;ssl=1 768w, https:\/\/i0.wp.com\/schwarze-welle.com\/wp-content\/uploads\/2026\/04\/WhatsApp-Image-2026-04-23-at-14.38.08-1.jpeg?resize=1536%2C1024&amp;ssl=1 1536w, https:\/\/i0.wp.com\/schwarze-welle.com\/wp-content\/uploads\/2026\/04\/WhatsApp-Image-2026-04-23-at-14.38.08-1.jpeg?w=2048&amp;ssl=1 2048w\" sizes=\"(max-width: 770px) 100vw, 770px\" \/><\/p>\n<p style=\"font-weight: 400;\">Das Publikum zu kennen, sei entscheidend, die richtigen Songs f\u00fcr die richtigen Personen zu spielen, jene, die ihre Freund:innen mitreissen und auf die Tanzfl\u00e4che holen. \u00abAber es gilt, wenigstens f\u00fcr mich, als ungeschriebenes Gesetz, eigene Songs nicht zu spielen. Das ziemt sich einfach nicht.\u00bb Schlechte Erfahrungen habe er gemacht, wenn andere DJs, vor allem die von anderen Bands, ihre Gigs vor allem f\u00fcr Eigenwerbung nutzten. Spannender sei es, wenn Menschen am Ende eines Abends nachfragen, welche St\u00fccke sie geh\u00f6rt haben, weil ihnen diese unbekannt waren.<\/p>\n<p style=\"font-weight: 400;\">Als besondere Erlebnisse nennt Thomas einerseits seinen Gig im Club 04 im vergangenen Jahr, wo seine Sets auf grosses Interesse stiessen, und seine Affinit\u00e4t zum Super Schwarzen Mannheim: Dort beeindrucken ihn sowohl die technischen Voraussetzungen als auch die Vielfalt der Floors. Sein neustes Highlight d\u00fcrfte wohl sein DJ-Einsatz in Malta gewesen sein im Rahmen des Dark Malta 2026.<\/p>\n<p style=\"font-weight: 400;\">Thomas Rainer ist nicht nur mit seinen Bands international unterwegs, sondern auch als DJ: USA, Mexiko, Australien, Russland, Italien, Frankreich, Belgien sind nur einige der Stationen, die er bisher bespielen durfte. Ein Favorit war f\u00fcr den K\u00fcnstler Mexiko, wo er ein besonders enthusiastisches Publikum begr\u00fcssen durfte.<\/p>\n<p style=\"font-weight: 400;\">Zu seiner Arbeit an den Decks sagt Thomas Rainer: \u00abMan muss es ja f\u00fchlen. Ich verstehe die anderen nicht, die stillstehen k\u00f6nnen. Wenn ich mich von meiner eigenen Musik nicht in Bewegung versetzt f\u00fchle, wie kann ich es dann von anderen verlangen? \u00dcberg\u00e4nge, die Betonung von Passagen, Effekte bestimmen die Geschichte, die ich erz\u00e4hlen will.\u00bb Wer an einer Party tanzt, ertappt sich bisweilen dabei, den Blick vom Dancefloor zu l\u00f6sen und der kleinen Inszenierung hinter dem DJ-Pult zu folgen \u2013 dort, wo Gesten, Licht und Sound ineinandergreifen.<\/p>\n<p style=\"font-weight: 400;\">Gerne erinnert er sich an die Agra 4.2., wo er 8 Jahre lang gemeinsam mit anderen DJs bis in die fr\u00fchen Morgenstunden spielte: \u00abDie Standing-Ovations um 7 Uhr morgens sind es, die mir immer noch Erinnerung sind, auch wenn ich aktuell an sich nicht mehr am Wave-Gotik-Treffen auflege.\u00bb In solchen Momenten, wenn ein ganzer Saal sich erhebend applaudiert, zeigt sich, was ihn antreibt: F\u00fcr Thomas steht \u2013 das sp\u00fcrt jede Person, die je vor seinem Pult getanzt hat \u2013 der Spass an dem, was er tut, im Zentrum.<\/p>\n<figure id=\"attachment_12799\" aria-describedby=\"caption-attachment-12799\" style=\"width: 433px\" class=\"wp-caption aligncenter\"><img data-recalc-dims=\"1\" loading=\"lazy\" decoding=\"async\" class=\"size-medium wp-image-12799\" src=\"https:\/\/i0.wp.com\/schwarze-welle.com\/wp-content\/uploads\/2026\/04\/WhatsApp-Image-2026-04-23-at-14.38.09.jpeg?resize=433%2C770&#038;ssl=1\" alt=\"\" width=\"433\" height=\"770\" srcset=\"https:\/\/i0.wp.com\/schwarze-welle.com\/wp-content\/uploads\/2026\/04\/WhatsApp-Image-2026-04-23-at-14.38.09.jpeg?resize=433%2C770&amp;ssl=1 433w, https:\/\/i0.wp.com\/schwarze-welle.com\/wp-content\/uploads\/2026\/04\/WhatsApp-Image-2026-04-23-at-14.38.09.jpeg?resize=658%2C1170&amp;ssl=1 658w, https:\/\/i0.wp.com\/schwarze-welle.com\/wp-content\/uploads\/2026\/04\/WhatsApp-Image-2026-04-23-at-14.38.09.jpeg?resize=768%2C1365&amp;ssl=1 768w, https:\/\/i0.wp.com\/schwarze-welle.com\/wp-content\/uploads\/2026\/04\/WhatsApp-Image-2026-04-23-at-14.38.09.jpeg?resize=864%2C1536&amp;ssl=1 864w, https:\/\/i0.wp.com\/schwarze-welle.com\/wp-content\/uploads\/2026\/04\/WhatsApp-Image-2026-04-23-at-14.38.09.jpeg?w=1152&amp;ssl=1 1152w\" sizes=\"(max-width: 433px) 100vw, 433px\" \/><figcaption id=\"caption-attachment-12799\" class=\"wp-caption-text\">Picture: Smittenpictures<\/figcaption><\/figure>\n<h4><strong>Kontakt und n\u00e4chste Termine<\/strong><\/h4>\n<p>Instagram: <a href=\"https:\/\/www.instagram.com\/mechanicmind?utm_source=ig_web_button_share_sheet&amp;igsh=ZDNlZDc0MzIxNw==\">mechanicmind<\/a><\/p>\n<p>N\u00e4chste Termine: <a href=\"https:\/\/www.msconnexion.com\/event\/super-schwarzes-mannheim-15.html\">Super Schwarzes Mannheim<\/a> &#8211; Wave-Gotik-Treffen (<a href=\"https:\/\/linktr.ee\/nachtmahr\">Nachtmahr<\/a>)<\/p>\n<h2><a name=\"_Toc227645355\"><\/a>faux na\u00eff<\/h2>\n<figure id=\"attachment_12793\" aria-describedby=\"caption-attachment-12793\" style=\"width: 513px\" class=\"wp-caption aligncenter\"><img data-recalc-dims=\"1\" loading=\"lazy\" decoding=\"async\" class=\"size-medium wp-image-12793\" src=\"https:\/\/i0.wp.com\/schwarze-welle.com\/wp-content\/uploads\/2026\/04\/Fabric_NitzerEbb_%40benedictpriddy_-6.jpg?resize=513%2C770&#038;ssl=1\" alt=\"\" width=\"513\" height=\"770\" srcset=\"https:\/\/i0.wp.com\/schwarze-welle.com\/wp-content\/uploads\/2026\/04\/Fabric_NitzerEbb_%40benedictpriddy_-6.jpg?resize=513%2C770&amp;ssl=1 513w, https:\/\/i0.wp.com\/schwarze-welle.com\/wp-content\/uploads\/2026\/04\/Fabric_NitzerEbb_%40benedictpriddy_-6.jpg?resize=780%2C1170&amp;ssl=1 780w, https:\/\/i0.wp.com\/schwarze-welle.com\/wp-content\/uploads\/2026\/04\/Fabric_NitzerEbb_%40benedictpriddy_-6.jpg?resize=768%2C1152&amp;ssl=1 768w, https:\/\/i0.wp.com\/schwarze-welle.com\/wp-content\/uploads\/2026\/04\/Fabric_NitzerEbb_%40benedictpriddy_-6.jpg?resize=1024%2C1536&amp;ssl=1 1024w, https:\/\/i0.wp.com\/schwarze-welle.com\/wp-content\/uploads\/2026\/04\/Fabric_NitzerEbb_%40benedictpriddy_-6.jpg?resize=1365%2C2048&amp;ssl=1 1365w, https:\/\/i0.wp.com\/schwarze-welle.com\/wp-content\/uploads\/2026\/04\/Fabric_NitzerEbb_%40benedictpriddy_-6.jpg?w=1440&amp;ssl=1 1440w\" sizes=\"(max-width: 513px) 100vw, 513px\" \/><figcaption id=\"caption-attachment-12793\" class=\"wp-caption-text\">Credits: benedictpriddy<\/figcaption><\/figure>\n<p style=\"font-weight: 400;\">Die DJ stammt aus London und verbrachte ihre Jugend auch dort, spricht jedoch auf Grund ihrer Studien hervorragend Deutsch und lebte auch f\u00fcr einige Zeit in Deutschland. Die Musik entdeckte sie in dieser Zeit in verschiedenen Klubs wie dem Slimelight. Sie legt Musik verschiedener Genres wie EBM, Industrial und Darkwave auf &#8211; aber auch Techno, die sie selbst auch auf der Tanzfl\u00e4che h\u00f6ren m\u00f6chte: \u00abIch will spezielle Momente erschaffen f\u00fcr mein Publikum.\u00bb<\/p>\n<p style=\"font-weight: 400;\">Ihre erste Party hiess <em>Body<\/em>, sie fand in einem queeren Klub statt. Die DJ hat auch <em>Elegia<\/em> erschaffen, eine Partyreihe in Manchester, wo sie auch heute noch nebst London auflegt. Diese f\u00fchrt sie mit einem langj\u00e4hrigen Freund durch \u2013 als sie in die Region zog, stellte sie n\u00e4mlich fest, dass es dort keinen Raum gab f\u00fcr die Subkultur. Die Party tr\u00e4gt den Namen eines Songs von New Order, die Widmung verdeutlicht die Relevanz dieser Band f\u00fcr die Schwarze Szene.<\/p>\n<p style=\"font-weight: 400;\">Das Slimelight hat sich ver\u00e4ndert seit dem Tod von Mak, viele neue Genres. Die Ausrichtung wurde neu gew\u00e4hlt, was auch ein junges Publikum ansprechen kann. Wie in vielen Klubs aber ist es auch hier so, dass der Blick st\u00e4rker auf dem Dresscode liegt als auf dem Szenegef\u00fchl. faux na\u00eff sagt, die Szene sei eigentlich offen f\u00fcr alle \u2013 auch f\u00fcr alle Budgets. Dass sich dies zu Ungunsten von Menschen mit weniger Geld verschoben hat, sieht die DJ kritisch, denn im Zentrum stehe doch eigentlich das Herz.<\/p>\n<p style=\"font-weight: 400;\">Ihren Einfluss sieht sie folgendermassen: \u00abIch hoffe, dass ich den Leuten etwas Neues mit auf ihren Weg geben kann, dass zu Hause vielleicht ein neuer Song den Weg auf ihre Playlists findet.\u00bb<\/p>\n<p style=\"font-weight: 400;\">Es ist immer schwierig, die Balance im Set zu finden, wagt man zu viel und spielt nur Neues, so versinkt man im Nirgendwo, denn heutzutage h\u00e4ngt Vieles von Likes ab. Aber das, was eine gelungene Nacht ausmacht, ist die Stimmung, nicht die Anzahl der Leute, auch wenn es gerade f\u00fcr die Klublandschaft der heutigen Zeit relevant ist, dass gen\u00fcgend Leute kommen.<\/p>\n<p style=\"font-weight: 400;\">Ein Erlebnis, das faux na\u00eff in lebhafter Erinnerung bleibt, ist die R\u00fcckmeldung einer Person an einer kinky Party: Dort n\u00e4mlich nahm sie an, dass die Musik lediglich Hintergrundger\u00e4usch sei, aber schliesslich kam jemand und sagte ihr, wie sie sozusagen den Soundtrack zu einem besonderen Moment gespielt habe. \u00abDass der Klub f\u00fcr die Menschen ein gemeinsamer Safe Space ist, nicht nur an den entsprechenden Partys im sexpositiven Bereich, ist sch\u00f6n. Dabei sind die Menschen in manchen Klubs offener und spielfreudiger in Bezug auf Genres und Songs. Wenn am Ende noch T\u00e4nzer:innen sagen, dass sie einen weiteren Song h\u00f6ren m\u00f6chten, weiss ich, dass ich meine Aufgabe gut erledigt habe.\u00bb<\/p>\n<p style=\"font-weight: 400;\">faux na\u00eff schliesst damit, dass sie f\u00fcr die Szene sehr dankbar ist. Die Werte, die vertreten werden, sind ihr wichtig, der Umgang miteinander ist einer, wie ihn auch die Gesellschaft \u00fcbernehmen k\u00f6nnte. Als Beispiel nennt sie die Begegnungen, die sie w\u00e4hrend des <a href=\"https:\/\/www.nitzerebbprodukt.com\">Nitzer Ebb<\/a> Supports erfahren durfte: Die Menschen waren ihrer Leistung verbunden, und es war eine ehrliche Dankbarkeit, die aus den R\u00fcckmeldungen sprach.<\/p>\n<figure id=\"attachment_12794\" aria-describedby=\"caption-attachment-12794\" style=\"width: 514px\" class=\"wp-caption aligncenter\"><img data-recalc-dims=\"1\" loading=\"lazy\" decoding=\"async\" class=\"size-medium wp-image-12794\" src=\"https:\/\/i0.wp.com\/schwarze-welle.com\/wp-content\/uploads\/2026\/04\/faux-naif-2025-2-Enrico-Policardo.jpg?resize=514%2C770&#038;ssl=1\" alt=\"\" width=\"514\" height=\"770\" srcset=\"https:\/\/i0.wp.com\/schwarze-welle.com\/wp-content\/uploads\/2026\/04\/faux-naif-2025-2-Enrico-Policardo-scaled.jpg?resize=514%2C770&amp;ssl=1 514w, https:\/\/i0.wp.com\/schwarze-welle.com\/wp-content\/uploads\/2026\/04\/faux-naif-2025-2-Enrico-Policardo-scaled.jpg?resize=781%2C1170&amp;ssl=1 781w, https:\/\/i0.wp.com\/schwarze-welle.com\/wp-content\/uploads\/2026\/04\/faux-naif-2025-2-Enrico-Policardo-scaled.jpg?resize=768%2C1151&amp;ssl=1 768w, https:\/\/i0.wp.com\/schwarze-welle.com\/wp-content\/uploads\/2026\/04\/faux-naif-2025-2-Enrico-Policardo-scaled.jpg?resize=1025%2C1536&amp;ssl=1 1025w, https:\/\/i0.wp.com\/schwarze-welle.com\/wp-content\/uploads\/2026\/04\/faux-naif-2025-2-Enrico-Policardo-scaled.jpg?resize=1367%2C2048&amp;ssl=1 1367w, https:\/\/i0.wp.com\/schwarze-welle.com\/wp-content\/uploads\/2026\/04\/faux-naif-2025-2-Enrico-Policardo-scaled.jpg?w=1709&amp;ssl=1 1709w\" sizes=\"(max-width: 514px) 100vw, 514px\" \/><figcaption id=\"caption-attachment-12794\" class=\"wp-caption-text\">Credits: Enrico Policardo<\/figcaption><\/figure>\n<h4><strong>Kontakt<\/strong><\/h4>\n<p>Instagram: <a href=\"https:\/\/www.instagram.com\/faux_naif?utm_source=ig_web_button_share_sheet&amp;igsh=ZDNlZDc0MzIxNw==\">faux na\u00efv<\/a><\/p>\n<p>N\u00e4chste Termine: <a href=\"https:\/\/www.instagram.com\/p\/DXG3hUziMol\/?utm_source=ig_web_button_share_sheet&amp;igsh=MzRlODBiNWFlZA==\">System Revival<\/a> in Ormside Projects, London am 15. Mai 2026<\/p>\n<h2><a name=\"_Toc227645356\"><\/a>Mara Mortem<\/h2>\n<figure id=\"attachment_12732\" aria-describedby=\"caption-attachment-12732\" style=\"width: 599px\" class=\"wp-caption aligncenter\"><img data-recalc-dims=\"1\" loading=\"lazy\" decoding=\"async\" class=\"size-medium wp-image-12732\" src=\"https:\/\/i0.wp.com\/schwarze-welle.com\/wp-content\/uploads\/2026\/04\/Mara-Mortem-1.jpg?resize=599%2C770&#038;ssl=1\" alt=\"\" width=\"599\" height=\"770\" srcset=\"https:\/\/i0.wp.com\/schwarze-welle.com\/wp-content\/uploads\/2026\/04\/Mara-Mortem-1.jpg?resize=599%2C770&amp;ssl=1 599w, https:\/\/i0.wp.com\/schwarze-welle.com\/wp-content\/uploads\/2026\/04\/Mara-Mortem-1.jpg?resize=768%2C988&amp;ssl=1 768w, https:\/\/i0.wp.com\/schwarze-welle.com\/wp-content\/uploads\/2026\/04\/Mara-Mortem-1.jpg?w=846&amp;ssl=1 846w\" sizes=\"(max-width: 599px) 100vw, 599px\" \/><figcaption id=\"caption-attachment-12732\" class=\"wp-caption-text\">Mara Mortem<\/figcaption><\/figure>\n<p>Mara Mortem legt seit 2021 als DJ auf und ist Resident-DJ sowie Co-Veranstalterin im Reformation Club in London. Obwohl sie sagt, dass das Auflegen f\u00fcr sie kein Thema war, bevor sie damit anfing, war sie schon immer von Musik besessen. Musik ist f\u00fcr sie wie ein Organ, und ihre Liebe dazu veranlasste sie dazu, Underground-Veranstaltungen, Independent-Labels und junge Bands zu unterst\u00fctzen. Als sie w\u00e4hrend der Pandemie Outdoor-Events organisierte und Playlists daf\u00fcr beisteuerte, sprach ein in London ans\u00e4ssiger Veranstalter sie an und \u00fcberredete sie, als DJ bei einem seiner Events (Dead and Buried) aufzulegen. Seitdem hat Mara Mortems Weg sie zu zahlreichen Events, Clubs und Festivals in Europa und dar\u00fcber hinaus gef\u00fchrt, bis hin zur Mitorganisation von Veranstaltungen im Reformation Club.<\/p>\n<p>Musik, sagt Mara Mortem, habe ihr schon mehrfach das Leben gerettet. Als DJ sieht sie sich selbst als Geschichtenerz\u00e4hlerin durch Musik. Sie f\u00fchrt Menschen an neue Musik heran und spricht von Emotionen, die auch das Leben anderer retten k\u00f6nnen. Mara Mortem verk\u00f6rpert dieses Ethos auch in ihrer Arbeit als Mitorganisatorin im Reformation Club, der eine Plattform f\u00fcr Underground-K\u00fcnstler und talentierte, aber noch wenig bekannte Bands, Kollektive und Labels bietet. \u201eMein Ziel als DJ ist es, dem Publikum unbekannte Bands vorzustellen und den Clubbesuchern das Gef\u00fchl zu geben, dass sie sich auf einer Reise der Entdeckung und Katharsis befinden.\u201c<\/p>\n<p>Was sie als DJ auszeichnet, ist ihre F\u00e4higkeit, ihre Begeisterung auf das Publikum zu \u00fcbertragen. Sie spielt Musik, die sich vom \u00dcblichen unterscheidet. Alles, was sie auflegt, hat zudem einen punk-inspirierten, energiegeladenen Touch. Ihre Sets sind darauf ausgelegt, die Zuh\u00f6rer auf eine emotionale Reise mitzunehmen. \u201eWas man braucht, um DJ zu werden, ist eine Leidenschaft f\u00fcr Musik. Ein Set muss nicht immer technisch makellos sein, aber es muss das Talent des DJs zum Ausdruck bringen, das Publikum durch eine Vielzahl von Gef\u00fchlen zu f\u00fchren. Nat\u00fcrlich ist ein perfektes Set eines, das eine Geschichte erz\u00e4hlt und technisch makellos ist, aber das ist heutzutage selten. Dennoch gibt es fantastische DJs und Produzenten, denen beides gelingt.\u201c<\/p>\n<p>Mara Mortem ist international t\u00e4tig, legt aber vor allem in Europa auf. Da die Community recht klein ist, stehen sich Publikum, DJs und Veranstalter oft sehr nahe, was sich auch in ihrer gegenseitigen Unterst\u00fctzung widerspiegelt. Sie sagt: \u201eIch habe so viele liebenswerte, talentierte und kreative Menschen kennengelernt: Das ist das Beste an meiner Arbeit als DJ, besonders in der Underground-Szene. Es ist eine Szene voller Liebe und mit wenigen Vorurteilen.\u201c<\/p>\n<figure id=\"attachment_12733\" aria-describedby=\"caption-attachment-12733\" style=\"width: 585px\" class=\"wp-caption aligncenter\"><img data-recalc-dims=\"1\" loading=\"lazy\" decoding=\"async\" class=\"size-medium wp-image-12733\" src=\"https:\/\/i0.wp.com\/schwarze-welle.com\/wp-content\/uploads\/2026\/04\/Mara-Mortem-2.jpg?resize=585%2C770&#038;ssl=1\" alt=\"\" width=\"585\" height=\"770\" srcset=\"https:\/\/i0.wp.com\/schwarze-welle.com\/wp-content\/uploads\/2026\/04\/Mara-Mortem-2.jpg?resize=585%2C770&amp;ssl=1 585w, https:\/\/i0.wp.com\/schwarze-welle.com\/wp-content\/uploads\/2026\/04\/Mara-Mortem-2.jpg?resize=889%2C1170&amp;ssl=1 889w, https:\/\/i0.wp.com\/schwarze-welle.com\/wp-content\/uploads\/2026\/04\/Mara-Mortem-2.jpg?resize=768%2C1010&amp;ssl=1 768w, https:\/\/i0.wp.com\/schwarze-welle.com\/wp-content\/uploads\/2026\/04\/Mara-Mortem-2.jpg?resize=1168%2C1536&amp;ssl=1 1168w, https:\/\/i0.wp.com\/schwarze-welle.com\/wp-content\/uploads\/2026\/04\/Mara-Mortem-2.jpg?w=1170&amp;ssl=1 1170w\" sizes=\"(max-width: 585px) 100vw, 585px\" \/><figcaption id=\"caption-attachment-12733\" class=\"wp-caption-text\">Mara Mortem<\/figcaption><\/figure>\n<h4><strong>Kontakt und n\u00e4chste Termine<\/strong><\/h4>\n<p>Instagram: <a href=\"https:\/\/www.instagram.com\/mara_mortem?utm_source=ig_web_button_share_sheet&amp;igsh=ZDNlZDc0MzIxNw==\">Mara Mortem<\/a><\/p>\n<p>N\u00e4chster Termin: <a href=\"https:\/\/dice.fm\/event\/ry92kr-kuhle-matrosen-nothing-new-6th-jun-the-waiting-room-london-tickets?fbclid=PAZXh0bgNhZW0CMTEAc3J0YwZhcHBfaWQMMjU2MjgxMDQwNTU4AAGnzJFnd4P_Fkq8YLfD8vHFqNVE7_6ysfnb2m7CFAOYlceFCOcIuhnwKZxQXpw_aem_JchbdkLA-nnMSAGDhqhNVQ&amp;sharer_id=5970b73c8983be04bc875442&amp;utm_content=link_in_bio&amp;utm_medium=social&amp;utm_source=ig&amp;_branch_match_id=1576070061103347250&amp;utm_campaign=event_share&amp;_branch_referrer=H4sIAAAAAAAAAx3Py3KCMABA0b9xV6WABTvDdFIQrTUo4wvYZEhISASCJlC0i357W7dndS%2Fvuot%2BnUxqIatxIQgds2ZimPA5ybS6m%2FiNYVKLwtuCLOEGLiOenQwf7ueAWCsjHTJOlu8sP8UQng8mPJc3GMRDtD%2FYACzk9yqUhb1FYXV10zUL3K9leI2Ocwe93DWT2GwcPwSbtCY09Dfko%2Bdy%2BMxucXIZUE4btCIcF9UaPEkJd2AR8CuPjvFI81xRhf6ypjPHwI5F3JlrYWrYmLjO1LbNUd81qKGF6BtPt0Tk9UNIKzsqO%2B%2F%2FFgmJsGgfrtteEeqJcvSjKKNKCVkirNpBU%2BXtcpYr8QuTSev1KQEAAA%3D%3D\">The Waiting Room<\/a>, London am 6. Juni (mit <a href=\"https:\/\/kuehlematrosen.bandcamp.com\">K\u00fchle Matrosen<\/a> und <a href=\"https:\/\/www.nothingnewmetal.com\">Nothing New<\/a>)<\/p>\n<p>&nbsp;<\/p>\n<h2><a name=\"_Toc227645357\"><\/a>Epilog: Der Weg zum DJing<\/h2>\n<p style=\"font-weight: 400;\">In den Interviews wurde eines deutlich: Um DJ zu werden, muss man zun\u00e4chst einmal \u00fcber ein gutes Geh\u00f6r verf\u00fcgen. Das Handwerk l\u00e4sst sich \u00fcber verschiedene Wege erlernen, sowohl an Workshops, wie maniaclina sie anbietet, wie auch \u00fcbers Zuschauen und Imitieren.<\/p>\n<p style=\"font-weight: 400;\">Weitere Eigenheiten, \u00fcber die ein:e DJ verf\u00fcgen sollte sind Schnelligkeit und Pr\u00e4zision in der Musik wie auch in der Bedienung des eigenen Ger\u00e4ts. Das Publikum zu lesen, ist eine Kunst, die nicht unerheblich zur Stimmung eines Abends oder einer Nacht beitr\u00e4gt. Insgesamt aber sollte auch die Bereitschaft vorhanden sein, Fehler zu machen, um sich weiterentwickeln zu k\u00f6nnen.<\/p>\n<p><img data-recalc-dims=\"1\" loading=\"lazy\" decoding=\"async\" class=\"aligncenter size-medium wp-image-12797\" src=\"https:\/\/i0.wp.com\/schwarze-welle.com\/wp-content\/uploads\/2026\/04\/WhatsApp-Image-2026-04-23-at-14.38.08.jpeg?resize=770%2C513&#038;ssl=1\" alt=\"\" width=\"770\" height=\"513\" srcset=\"https:\/\/i0.wp.com\/schwarze-welle.com\/wp-content\/uploads\/2026\/04\/WhatsApp-Image-2026-04-23-at-14.38.08.jpeg?resize=770%2C513&amp;ssl=1 770w, https:\/\/i0.wp.com\/schwarze-welle.com\/wp-content\/uploads\/2026\/04\/WhatsApp-Image-2026-04-23-at-14.38.08.jpeg?resize=1170%2C780&amp;ssl=1 1170w, https:\/\/i0.wp.com\/schwarze-welle.com\/wp-content\/uploads\/2026\/04\/WhatsApp-Image-2026-04-23-at-14.38.08.jpeg?resize=768%2C512&amp;ssl=1 768w, https:\/\/i0.wp.com\/schwarze-welle.com\/wp-content\/uploads\/2026\/04\/WhatsApp-Image-2026-04-23-at-14.38.08.jpeg?resize=1536%2C1024&amp;ssl=1 1536w, https:\/\/i0.wp.com\/schwarze-welle.com\/wp-content\/uploads\/2026\/04\/WhatsApp-Image-2026-04-23-at-14.38.08.jpeg?w=2048&amp;ssl=1 2048w\" sizes=\"(max-width: 770px) 100vw, 770px\" \/><\/p>\n<p style=\"font-weight: 400;\">&nbsp;<\/p>\n<p>&nbsp;<\/p>\n<blockquote hcb-fetch-image-from=\"https:\/\/schwarze-welle.com\/?p=12720\" class=\"wp-embedded-content\" data-secret=\"5c60pp2S3i\"><p><a href=\"https:\/\/schwarze-welle.com\/?p=12720\">Hinter den Pulten &#8211; Teil 1<\/a><\/p><\/blockquote>\n<p><iframe class=\"wp-embedded-content\" sandbox=\"allow-scripts\" security=\"restricted\" style=\"position: absolute; visibility: hidden;\" title=\"&#8222;Hinter den Pulten &#8211; Teil 1&#8220; &#8211; Radio Schwarze Welle\" src=\"https:\/\/schwarze-welle.com\/?p=12720&#038;embed=true#?secret=eVNSbKSk96#?secret=5c60pp2S3i\" data-secret=\"5c60pp2S3i\" width=\"600\" height=\"338\" frameborder=\"0\" marginwidth=\"0\" marginheight=\"0\" scrolling=\"no\"><\/iframe><\/p>\n<blockquote hcb-fetch-image-from=\"https:\/\/schwarze-welle.com\/?p=12766\" class=\"wp-embedded-content\" data-secret=\"jqdkDKKwNG\"><p><a href=\"https:\/\/schwarze-welle.com\/?p=12766\">Hinter den Pulten &#8211; Teil 2<\/a><\/p><\/blockquote>\n<p><iframe class=\"wp-embedded-content\" sandbox=\"allow-scripts\" security=\"restricted\" style=\"position: absolute; visibility: hidden;\" title=\"&#8222;Hinter den Pulten &#8211; Teil 2&#8220; &#8211; Radio Schwarze Welle\" src=\"https:\/\/schwarze-welle.com\/?p=12766&#038;embed=true#?secret=A31BqHcroS#?secret=jqdkDKKwNG\" data-secret=\"jqdkDKKwNG\" width=\"600\" height=\"338\" frameborder=\"0\" marginwidth=\"0\" marginheight=\"0\" scrolling=\"no\"><\/iframe><\/p>\n","protected":false},"excerpt":{"rendered":"<p>In diesem finalen Teil unserer dreiteiligen Reportage entf\u00fchren wir euch in die Welt von drei international t\u00e4tigen DJs, n\u00e4mlich Thomas Rainer, faux na\u00efv und Mara Mortem. Thomas Rainer Wer an einem Abend mit diesem DJ zu Gast ist, weiss, dass ihn harte B\u00e4sse und ein Spektakel erwarten, das in dieser ...<\/p>\n","protected":false},"author":21,"featured_media":12744,"comment_status":"closed","ping_status":"closed","sticky":false,"template":"","format":"standard","meta":{"_acf_changed":false,"ngg_post_thumbnail":0,"_jetpack_memberships_contains_paid_content":false,"footnotes":""},"categories":[3131,3033,17,3132],"tags":[3150,3152,3148,3151,3146,3095,57,3145,84,3147,3149,3020,2163,678,44],"class_list":["post-12791","post","type-post","status-publish","format-standard","has-post-thumbnail","hentry","category-im-fokus","category-musikerinnen","category-news","category-stimmen-und-geschichten","tag-abyss-calling","tag-clubs","tag-dark-malta","tag-europa","tag-faux-naif","tag-flinta","tag-lame-immortelle","tag-mara-mortem","tag-nachtmahr","tag-slimelight","tag-super-schwarzes-mannheim","tag-thomas-rainer","tag-uk","tag-wave-gotik-treffen","tag-wgt"],"acf":[],"jetpack_featured_media_url":"https:\/\/i0.wp.com\/schwarze-welle.com\/wp-content\/uploads\/2026\/04\/Teil-3.jpg?fit=940%2C788&ssl=1","jetpack_sharing_enabled":true,"_links":{"self":[{"href":"https:\/\/schwarze-welle.com\/index.php?rest_route=\/wp\/v2\/posts\/12791","targetHints":{"allow":["GET"]}}],"collection":[{"href":"https:\/\/schwarze-welle.com\/index.php?rest_route=\/wp\/v2\/posts"}],"about":[{"href":"https:\/\/schwarze-welle.com\/index.php?rest_route=\/wp\/v2\/types\/post"}],"author":[{"embeddable":true,"href":"https:\/\/schwarze-welle.com\/index.php?rest_route=\/wp\/v2\/users\/21"}],"replies":[{"embeddable":true,"href":"https:\/\/schwarze-welle.com\/index.php?rest_route=%2Fwp%2Fv2%2Fcomments&post=12791"}],"version-history":[{"count":10,"href":"https:\/\/schwarze-welle.com\/index.php?rest_route=\/wp\/v2\/posts\/12791\/revisions"}],"predecessor-version":[{"id":12866,"href":"https:\/\/schwarze-welle.com\/index.php?rest_route=\/wp\/v2\/posts\/12791\/revisions\/12866"}],"wp:featuredmedia":[{"embeddable":true,"href":"https:\/\/schwarze-welle.com\/index.php?rest_route=\/wp\/v2\/media\/12744"}],"wp:attachment":[{"href":"https:\/\/schwarze-welle.com\/index.php?rest_route=%2Fwp%2Fv2%2Fmedia&parent=12791"}],"wp:term":[{"taxonomy":"category","embeddable":true,"href":"https:\/\/schwarze-welle.com\/index.php?rest_route=%2Fwp%2Fv2%2Fcategories&post=12791"},{"taxonomy":"post_tag","embeddable":true,"href":"https:\/\/schwarze-welle.com\/index.php?rest_route=%2Fwp%2Fv2%2Ftags&post=12791"}],"curies":[{"name":"wp","href":"https:\/\/api.w.org\/{rel}","templated":true}]}}