{"id":11948,"date":"2026-01-26T10:42:50","date_gmt":"2026-01-26T09:42:50","guid":{"rendered":"https:\/\/schwarze-welle.com\/?p=11948"},"modified":"2026-01-26T18:03:53","modified_gmt":"2026-01-26T17:03:53","slug":"dark-appeal-wenn-musik-mehr-ist-als-show","status":"publish","type":"post","link":"https:\/\/schwarze-welle.com\/?p=11948","title":{"rendered":"Dark Appeal im Januar: Wenn Musik mehr ist als Show"},"content":{"rendered":"<h1 style=\"font-weight: 400;\">Wenn Musik mehr ist als Show<\/h1>\n<p><img data-recalc-dims=\"1\" fetchpriority=\"high\" decoding=\"async\" class=\"size-medium wp-image-11961 aligncenter\" src=\"https:\/\/i0.wp.com\/schwarze-welle.com\/wp-content\/uploads\/2026\/01\/568638422_813583554627196_9174562921142918312_n.jpg?resize=552%2C770&#038;ssl=1\" alt=\"\" width=\"552\" height=\"770\" srcset=\"https:\/\/i0.wp.com\/schwarze-welle.com\/wp-content\/uploads\/2026\/01\/568638422_813583554627196_9174562921142918312_n.jpg?resize=552%2C770&amp;ssl=1 552w, https:\/\/i0.wp.com\/schwarze-welle.com\/wp-content\/uploads\/2026\/01\/568638422_813583554627196_9174562921142918312_n.jpg?resize=768%2C1072&amp;ssl=1 768w, https:\/\/i0.wp.com\/schwarze-welle.com\/wp-content\/uploads\/2026\/01\/568638422_813583554627196_9174562921142918312_n.jpg?w=774&amp;ssl=1 774w\" sizes=\"(max-width: 552px) 100vw, 552px\" \/><\/p>\n<p><a href=\"https:\/\/schwarze-welle.com\/wp-content\/uploads\/2026\/01\/When-music-becomes-more-than-showbusiness.pdf\">Read in English<\/a> (text only)<\/p>\n<h4 style=\"font-weight: 400;\"><strong>Am 24. Januar 2026 fand im Musikzentrum Sedel bei Luzern ein besonderer Abend f\u00fcr Liebhaber:innen der Genres Darkwave und Synthpop statt. Drei Konzerte, zwei DJs, ein Publikum \u2013 soweit die Zahlen: Es traten die Bands End of Transmission, Silentways und Night in Athens auf.<\/strong><\/h4>\n<h3 style=\"font-weight: 400;\"><strong>Ankommen<\/strong><\/h3>\n<p style=\"font-weight: 400;\">Der Veranstalter <a href=\"https:\/\/www.facebook.com\/feelthedarknesssedel\/\">Dark Appeal<\/a> lud ein. Der Veranstaltungsort, der <a href=\"https:\/\/sedel.ch\">Sedelhof<\/a>, war urspr\u00fcnglich Teil eines Schwesternklosters, wurde ab 1884 als Strafanstalt genutzt und in den 1980er Jahren schliesslich begr\u00fcndete die Interessengemeinschaft Luzerner Jazz- und Rockmusikschaffender und der Luzerner Punk-Szene die heutige Nutzung als Konzertlokal.<a href=\"applewebdata:\/\/26CBC712-C635-4EB0-8499-02EA5D6DDCC7#_ftn1\" name=\"_ftnref1\">[1]<\/a><\/p>\n<p style=\"font-weight: 400;\">Der Sedelhof liegt etwas ausserhalb von Luzern in Emmenbr\u00fccke und oberhalb des Rotsees. Betritt man The Club, so erinnert Vieles an die Klubs der 80er Jahre, eine fast schon famili\u00e4re Atmosph\u00e4re empf\u00e4ngt die Besuchenden. Nach der T\u00fcr\u00f6ffnung um 20 Uhr treffen allm\u00e4hlich die Besucher:innen der Veranstaltung ein. Sie sind aus der ganzen Schweiz und Nachbarl\u00e4ndern angereist, um diese Nacht zu begehen.<\/p>\n<h3 style=\"font-weight: 400;\"><strong>Eintauchen<\/strong><\/h3>\n<figure id=\"attachment_11951\" aria-describedby=\"caption-attachment-11951\" style=\"width: 433px\" class=\"wp-caption aligncenter\"><img data-recalc-dims=\"1\" decoding=\"async\" class=\" wp-image-11951\" src=\"https:\/\/i0.wp.com\/schwarze-welle.com\/wp-content\/uploads\/2026\/01\/EoT-1.jpg?resize=433%2C577&#038;ssl=1\" alt=\"\" width=\"433\" height=\"577\" srcset=\"https:\/\/i0.wp.com\/schwarze-welle.com\/wp-content\/uploads\/2026\/01\/EoT-1-scaled.jpg?resize=578%2C770&amp;ssl=1 578w, https:\/\/i0.wp.com\/schwarze-welle.com\/wp-content\/uploads\/2026\/01\/EoT-1-scaled.jpg?resize=878%2C1170&amp;ssl=1 878w, https:\/\/i0.wp.com\/schwarze-welle.com\/wp-content\/uploads\/2026\/01\/EoT-1-scaled.jpg?resize=768%2C1024&amp;ssl=1 768w, https:\/\/i0.wp.com\/schwarze-welle.com\/wp-content\/uploads\/2026\/01\/EoT-1-scaled.jpg?resize=1152%2C1536&amp;ssl=1 1152w, https:\/\/i0.wp.com\/schwarze-welle.com\/wp-content\/uploads\/2026\/01\/EoT-1-scaled.jpg?resize=1536%2C2048&amp;ssl=1 1536w, https:\/\/i0.wp.com\/schwarze-welle.com\/wp-content\/uploads\/2026\/01\/EoT-1-scaled.jpg?w=1920&amp;ssl=1 1920w\" sizes=\"(max-width: 433px) 100vw, 433px\" \/><figcaption id=\"caption-attachment-11951\" class=\"wp-caption-text\">Foto: ohm<\/figcaption><\/figure>\n<p style=\"font-weight: 400;\">Um 21 Uhr betritt Sven Schr\u00f6der die B\u00fchne und die ersten Kl\u00e4nge erf\u00fcllen den Raum. Sp\u00e4testens als Jens Schubert mit dem gesanglichen Teil dazust\u00f6sst, ist das Publikum bereit, tanzt und feiert zu ausgew\u00e4hlten St\u00fccken aus der Geschichte von <a href=\"https:\/\/endoftransmission.de\">End of Transmission<\/a>. Von verlorenen Kosmonauten (\u2018\u2019Lost Cosmonouts\u2019\u2019) erz\u00e4hlt die B\u00fchnenshow ebenso wie von den D\u00e4monen der Erinnerungen (\u2018\u2019Demons of Memories\u2019\u2019).<\/p>\n<figure id=\"attachment_11952\" aria-describedby=\"caption-attachment-11952\" style=\"width: 505px\" class=\"wp-caption aligncenter\"><img data-recalc-dims=\"1\" decoding=\"async\" class=\" wp-image-11952\" src=\"https:\/\/i0.wp.com\/schwarze-welle.com\/wp-content\/uploads\/2026\/01\/EoT-2.jpg?resize=505%2C379&#038;ssl=1\" alt=\"\" width=\"505\" height=\"379\" srcset=\"https:\/\/i0.wp.com\/schwarze-welle.com\/wp-content\/uploads\/2026\/01\/EoT-2-scaled.jpg?resize=770%2C578&amp;ssl=1 770w, https:\/\/i0.wp.com\/schwarze-welle.com\/wp-content\/uploads\/2026\/01\/EoT-2-scaled.jpg?resize=1170%2C878&amp;ssl=1 1170w, https:\/\/i0.wp.com\/schwarze-welle.com\/wp-content\/uploads\/2026\/01\/EoT-2-scaled.jpg?resize=768%2C576&amp;ssl=1 768w, https:\/\/i0.wp.com\/schwarze-welle.com\/wp-content\/uploads\/2026\/01\/EoT-2-scaled.jpg?resize=1536%2C1152&amp;ssl=1 1536w, https:\/\/i0.wp.com\/schwarze-welle.com\/wp-content\/uploads\/2026\/01\/EoT-2-scaled.jpg?resize=2048%2C1536&amp;ssl=1 2048w, https:\/\/i0.wp.com\/schwarze-welle.com\/wp-content\/uploads\/2026\/01\/EoT-2-scaled.jpg?w=2340&amp;ssl=1 2340w\" sizes=\"(max-width: 505px) 100vw, 505px\" \/><figcaption id=\"caption-attachment-11952\" class=\"wp-caption-text\">Foto: ohm<\/figcaption><\/figure>\n<p style=\"font-weight: 400;\">Von Anfang an ist die immense B\u00fchnenpr\u00e4senz der beiden Musiker sp\u00fcrbar und ein sonst eher ruhiges Schweizer Publikum gibt sich den Momenten vollkommen hin. Im Gespr\u00e4ch erz\u00e4hlt Jens \u2018Schubi\u2019 Schubert, dass es ihm am Herzen liege, dem Publikum auch wirklich etwas mitgeben zu k\u00f6nnen, sei dies die Vermittlung von klaren Haltungen oder das Schreiben von St\u00fccken, die eine ganz pers\u00f6nliche Geschichte erz\u00e4hlen. Die St\u00fccke ber\u00fchren, begeistern. Ein langer und wohlverdienter Applaus begleitet die Musiker, die damit ihren zweiten \u2013 und hoffentlich nicht letzten \u2013 Auftritt in der Schweiz beenden.<\/p>\n<h3 style=\"font-weight: 400;\"><strong>Magische Welten<\/strong><\/h3>\n<p style=\"font-weight: 400;\">Aus dem S\u00fcden Italiens stammen <a href=\"https:\/\/swissdarknights.bandcamp.com\/album\/aeon\">Silentways<\/a>. Die beiden Cousins Francesco und Nino Candia betreten mit der S\u00e4ngerin Annalisa Lynch die B\u00fchne. Es ist ihre Premiere in der Schweiz. Sanft schwebend und von geheimnisvoller Tiefe getragen, klingen die Songs sph\u00e4risch \u2013 das Publikum lauscht still, versunken in konzentrierter Ruhe. Man taucht vollends ein in diesen Abend und die magische Stimme der S\u00e4ngerin entf\u00fchrt einen in fremde Gedankenwelten.<\/p>\n<figure id=\"attachment_11956\" aria-describedby=\"caption-attachment-11956\" style=\"width: 578px\" class=\"wp-caption aligncenter\"><img data-recalc-dims=\"1\" loading=\"lazy\" decoding=\"async\" class=\"size-medium wp-image-11956\" src=\"https:\/\/i0.wp.com\/schwarze-welle.com\/wp-content\/uploads\/2026\/01\/Silentways-1.jpg?resize=578%2C770&#038;ssl=1\" alt=\"\" width=\"578\" height=\"770\" srcset=\"https:\/\/i0.wp.com\/schwarze-welle.com\/wp-content\/uploads\/2026\/01\/Silentways-1-scaled.jpg?resize=578%2C770&amp;ssl=1 578w, https:\/\/i0.wp.com\/schwarze-welle.com\/wp-content\/uploads\/2026\/01\/Silentways-1-scaled.jpg?resize=878%2C1170&amp;ssl=1 878w, https:\/\/i0.wp.com\/schwarze-welle.com\/wp-content\/uploads\/2026\/01\/Silentways-1-scaled.jpg?resize=768%2C1024&amp;ssl=1 768w, https:\/\/i0.wp.com\/schwarze-welle.com\/wp-content\/uploads\/2026\/01\/Silentways-1-scaled.jpg?resize=1152%2C1536&amp;ssl=1 1152w, https:\/\/i0.wp.com\/schwarze-welle.com\/wp-content\/uploads\/2026\/01\/Silentways-1-scaled.jpg?resize=1536%2C2048&amp;ssl=1 1536w, https:\/\/i0.wp.com\/schwarze-welle.com\/wp-content\/uploads\/2026\/01\/Silentways-1-scaled.jpg?w=1920&amp;ssl=1 1920w\" sizes=\"(max-width: 578px) 100vw, 578px\" \/><figcaption id=\"caption-attachment-11956\" class=\"wp-caption-text\">Foto: ohm<\/figcaption><\/figure>\n<p style=\"font-weight: 400;\">Nebst einigen Songs des Albums \u2018Aeon\u2019 spielen die Silentways auch drei neue St\u00fccke. Diese zeigten die neue Spielart der Band auf, etwas schnellere Rhythmen, ihrem schwebenden Klang dennoch treu bleibend. Die Cousins spielen seit ihrer Jugendzeit gemeinsam und dies ist sp\u00fcrbar in den gemeinsamen Musikwelten, die sie mit Annalisa erschaffen.<\/p>\n<figure id=\"attachment_11957\" aria-describedby=\"caption-attachment-11957\" style=\"width: 625px\" class=\"wp-caption aligncenter\"><img data-recalc-dims=\"1\" loading=\"lazy\" decoding=\"async\" class=\" wp-image-11957\" src=\"https:\/\/i0.wp.com\/schwarze-welle.com\/wp-content\/uploads\/2026\/01\/Silentways-2.jpg?resize=625%2C469&#038;ssl=1\" alt=\"\" width=\"625\" height=\"469\" srcset=\"https:\/\/i0.wp.com\/schwarze-welle.com\/wp-content\/uploads\/2026\/01\/Silentways-2-scaled.jpg?resize=770%2C578&amp;ssl=1 770w, https:\/\/i0.wp.com\/schwarze-welle.com\/wp-content\/uploads\/2026\/01\/Silentways-2-scaled.jpg?resize=1170%2C878&amp;ssl=1 1170w, https:\/\/i0.wp.com\/schwarze-welle.com\/wp-content\/uploads\/2026\/01\/Silentways-2-scaled.jpg?resize=768%2C576&amp;ssl=1 768w, https:\/\/i0.wp.com\/schwarze-welle.com\/wp-content\/uploads\/2026\/01\/Silentways-2-scaled.jpg?resize=1536%2C1152&amp;ssl=1 1536w, https:\/\/i0.wp.com\/schwarze-welle.com\/wp-content\/uploads\/2026\/01\/Silentways-2-scaled.jpg?resize=2048%2C1536&amp;ssl=1 2048w, https:\/\/i0.wp.com\/schwarze-welle.com\/wp-content\/uploads\/2026\/01\/Silentways-2-scaled.jpg?w=2340&amp;ssl=1 2340w\" sizes=\"(max-width: 625px) 100vw, 625px\" \/><figcaption id=\"caption-attachment-11957\" class=\"wp-caption-text\">Foto: ohm<\/figcaption><\/figure>\n<h3 style=\"font-weight: 400;\"><strong>Unausgesprochenes<\/strong><\/h3>\n<figure id=\"attachment_11954\" aria-describedby=\"caption-attachment-11954\" style=\"width: 643px\" class=\"wp-caption aligncenter\"><img data-recalc-dims=\"1\" loading=\"lazy\" decoding=\"async\" class=\" wp-image-11954\" src=\"https:\/\/i0.wp.com\/schwarze-welle.com\/wp-content\/uploads\/2026\/01\/NIA-1.jpg?resize=643%2C483&#038;ssl=1\" alt=\"\" width=\"643\" height=\"483\" srcset=\"https:\/\/i0.wp.com\/schwarze-welle.com\/wp-content\/uploads\/2026\/01\/NIA-1-scaled.jpg?resize=770%2C578&amp;ssl=1 770w, https:\/\/i0.wp.com\/schwarze-welle.com\/wp-content\/uploads\/2026\/01\/NIA-1-scaled.jpg?resize=1170%2C878&amp;ssl=1 1170w, https:\/\/i0.wp.com\/schwarze-welle.com\/wp-content\/uploads\/2026\/01\/NIA-1-scaled.jpg?resize=768%2C576&amp;ssl=1 768w, https:\/\/i0.wp.com\/schwarze-welle.com\/wp-content\/uploads\/2026\/01\/NIA-1-scaled.jpg?resize=1536%2C1152&amp;ssl=1 1536w, https:\/\/i0.wp.com\/schwarze-welle.com\/wp-content\/uploads\/2026\/01\/NIA-1-scaled.jpg?resize=2048%2C1536&amp;ssl=1 2048w, https:\/\/i0.wp.com\/schwarze-welle.com\/wp-content\/uploads\/2026\/01\/NIA-1-scaled.jpg?w=2340&amp;ssl=1 2340w\" sizes=\"(max-width: 643px) 100vw, 643px\" \/><figcaption id=\"caption-attachment-11954\" class=\"wp-caption-text\">Foto: ohm<\/figcaption><\/figure>\n<p style=\"font-weight: 400;\">Das Finale der drei Acts bildete Tina Boleti mit ihrem Solo-Projekt <a href=\"https:\/\/nightinathens.bandcamp.com\/music\">Night in Athens<\/a>. Die Griechin, die ihren Wohnsitz mittlerweile in London hat, tritt als Letzte auf die B\u00fchne \u2013 und wird mit grossem und intensivem Applaus empfangen. Die Stimmung treibt bereits ihrem H\u00f6hepunkt entgegen, als die ersten Kl\u00e4nge von \u2018\u2019<em>Frozen Landscapes<\/em>\u2019\u2019 das Konzertlokal erf\u00fcllen.<\/p>\n<p style=\"font-weight: 400;\">Die S\u00e4ngerin und Songwriterin begeistert das Publikum \u2013 ihre St\u00fccke zeugen von der Zerrissenheit unserer Welt und auch davon, dass es Kunst ist, welche die Menschen eint. Eine mesmerisierende Darbietung ist es, dem die Zuschauer:innen beiwohnen, Schreien ob der Ungerechtigkeiten der Welt. Tanzen inmitten der Menschen \u2013 das Zukleben des Mundes beim St\u00fcck \u2018\u2019<em>Words Unspoken<\/em>\u2019\u2019. Am Ende bleibt ein emotionaler Abschied, das Publikum ist ergriffen.<\/p>\n<figure id=\"attachment_11955\" aria-describedby=\"caption-attachment-11955\" style=\"width: 578px\" class=\"wp-caption aligncenter\"><img data-recalc-dims=\"1\" loading=\"lazy\" decoding=\"async\" class=\"size-medium wp-image-11955\" src=\"https:\/\/i0.wp.com\/schwarze-welle.com\/wp-content\/uploads\/2026\/01\/NIA-3.jpg?resize=578%2C770&#038;ssl=1\" alt=\"\" width=\"578\" height=\"770\" srcset=\"https:\/\/i0.wp.com\/schwarze-welle.com\/wp-content\/uploads\/2026\/01\/NIA-3-scaled.jpg?resize=578%2C770&amp;ssl=1 578w, https:\/\/i0.wp.com\/schwarze-welle.com\/wp-content\/uploads\/2026\/01\/NIA-3-scaled.jpg?resize=878%2C1170&amp;ssl=1 878w, https:\/\/i0.wp.com\/schwarze-welle.com\/wp-content\/uploads\/2026\/01\/NIA-3-scaled.jpg?resize=768%2C1024&amp;ssl=1 768w, https:\/\/i0.wp.com\/schwarze-welle.com\/wp-content\/uploads\/2026\/01\/NIA-3-scaled.jpg?resize=1152%2C1536&amp;ssl=1 1152w, https:\/\/i0.wp.com\/schwarze-welle.com\/wp-content\/uploads\/2026\/01\/NIA-3-scaled.jpg?resize=1536%2C2048&amp;ssl=1 1536w, https:\/\/i0.wp.com\/schwarze-welle.com\/wp-content\/uploads\/2026\/01\/NIA-3-scaled.jpg?w=1920&amp;ssl=1 1920w\" sizes=\"(max-width: 578px) 100vw, 578px\" \/><figcaption id=\"caption-attachment-11955\" class=\"wp-caption-text\">Foto: ohm<\/figcaption><\/figure>\n<h3 style=\"font-weight: 400;\"><strong>Epilog<\/strong><\/h3>\n<p style=\"font-weight: 400;\">Nach den Konzerten beginnt eine fulminante Aftershow-Party mit DJ Irmingott und DJ Dustform: Von Sturmcaf\u00e9, Light Asylum \u00fcber Ashbury Heights f\u00fchrt die musikalische Vielfalt zu Camouflage. Obwohl einige nach den Konzerten bereits gehen, beginnt eine ausgelassene Party, die T\u00e4nzer:innen sind sichtlich begeistert ob dem Mix, den die beiden DJs auflegen. Es sind Klassiker, aber auch ungewohnte St\u00fccke wie \u2018\u2019<em>Dr. Mabuse<\/em>\u2019\u2019 von Welle:Erdball auf den Setlists zu finden.<\/p>\n<h3 style=\"font-weight: 400;\"><strong>Ein Fazit<\/strong><\/h3>\n<p style=\"font-weight: 400;\">Dark Appeal schufen mit diesem Abend ein unvergessliches Erlebnis, die Bands und das Publikum zeigten wieder einmal auf, was es heissen kann, Teil einer Szene zu sein, in der die Menschen aufeinander Acht geben und auch die Menschen auf der B\u00fchne nahbar sein wollen. Weil ihre Musik mehr sein soll als Musik. Gerade in Zeiten wie heute sind diese Dinge zentral.<\/p>\n<p><img data-recalc-dims=\"1\" loading=\"lazy\" decoding=\"async\" class=\"size-thumbnail wp-image-11950 aligncenter\" src=\"https:\/\/i0.wp.com\/schwarze-welle.com\/wp-content\/uploads\/2026\/01\/DarkAppeal.jpg?resize=150%2C150&#038;ssl=1\" alt=\"\" width=\"150\" height=\"150\" srcset=\"https:\/\/i0.wp.com\/schwarze-welle.com\/wp-content\/uploads\/2026\/01\/DarkAppeal.jpg?resize=150%2C150&amp;ssl=1 150w, https:\/\/i0.wp.com\/schwarze-welle.com\/wp-content\/uploads\/2026\/01\/DarkAppeal.jpg?resize=100%2C100&amp;ssl=1 100w, https:\/\/i0.wp.com\/schwarze-welle.com\/wp-content\/uploads\/2026\/01\/DarkAppeal.jpg?resize=370%2C370&amp;ssl=1 370w, https:\/\/i0.wp.com\/schwarze-welle.com\/wp-content\/uploads\/2026\/01\/DarkAppeal.jpg?zoom=2&amp;resize=150%2C150&amp;ssl=1 300w, https:\/\/i0.wp.com\/schwarze-welle.com\/wp-content\/uploads\/2026\/01\/DarkAppeal.jpg?zoom=3&amp;resize=150%2C150&amp;ssl=1 450w\" sizes=\"(max-width: 150px) 100vw, 150px\" \/><\/p>\n<p><a href=\"applewebdata:\/\/26CBC712-C635-4EB0-8499-02EA5D6DDCC7#_ftnref1\" name=\"_ftn1\">[1]<\/a> Die ganze Geschichte kann <a href=\"https:\/\/sedel.ch\/geschichte\">hier<\/a> nachgelesen werden.<\/p>\n","protected":false},"excerpt":{"rendered":"<p>Wenn Musik mehr ist als Show Read in English (text only) Am 24. Januar 2026 fand im Musikzentrum Sedel bei Luzern ein besonderer Abend f\u00fcr Liebhaber:innen der Genres Darkwave und Synthpop statt. Drei Konzerte, zwei DJs, ein Publikum \u2013 soweit die Zahlen: Es traten die Bands End of Transmission, Silentways ...<\/p>\n","protected":false},"author":21,"featured_media":11950,"comment_status":"closed","ping_status":"closed","sticky":false,"template":"","format":"standard","meta":{"_acf_changed":false,"ngg_post_thumbnail":0,"_jetpack_memberships_contains_paid_content":false,"footnotes":""},"categories":[20,17],"tags":[3076,588,3041,1292,3074,3078,3009,2275,148,2992,108,532,3077,3075,1447],"class_list":["post-11948","post","type-post","status-publish","format-standard","has-post-thumbnail","hentry","category-konzert-reviews","category-news","tag-darkappeal","tag-darkwave","tag-deutschland","tag-dj","tag-end-of-transmission","tag-gothic-community","tag-griechenland","tag-italien","tag-konzerte","tag-night-in-athens","tag-party","tag-schweiz","tag-sedelhof","tag-silentways","tag-synthwave"],"acf":[],"jetpack_featured_media_url":"https:\/\/i0.wp.com\/schwarze-welle.com\/wp-content\/uploads\/2026\/01\/DarkAppeal.jpg?fit=1080%2C1350&ssl=1","jetpack_sharing_enabled":true,"_links":{"self":[{"href":"https:\/\/schwarze-welle.com\/index.php?rest_route=\/wp\/v2\/posts\/11948","targetHints":{"allow":["GET"]}}],"collection":[{"href":"https:\/\/schwarze-welle.com\/index.php?rest_route=\/wp\/v2\/posts"}],"about":[{"href":"https:\/\/schwarze-welle.com\/index.php?rest_route=\/wp\/v2\/types\/post"}],"author":[{"embeddable":true,"href":"https:\/\/schwarze-welle.com\/index.php?rest_route=\/wp\/v2\/users\/21"}],"replies":[{"embeddable":true,"href":"https:\/\/schwarze-welle.com\/index.php?rest_route=%2Fwp%2Fv2%2Fcomments&post=11948"}],"version-history":[{"count":6,"href":"https:\/\/schwarze-welle.com\/index.php?rest_route=\/wp\/v2\/posts\/11948\/revisions"}],"predecessor-version":[{"id":11965,"href":"https:\/\/schwarze-welle.com\/index.php?rest_route=\/wp\/v2\/posts\/11948\/revisions\/11965"}],"wp:featuredmedia":[{"embeddable":true,"href":"https:\/\/schwarze-welle.com\/index.php?rest_route=\/wp\/v2\/media\/11950"}],"wp:attachment":[{"href":"https:\/\/schwarze-welle.com\/index.php?rest_route=%2Fwp%2Fv2%2Fmedia&parent=11948"}],"wp:term":[{"taxonomy":"category","embeddable":true,"href":"https:\/\/schwarze-welle.com\/index.php?rest_route=%2Fwp%2Fv2%2Fcategories&post=11948"},{"taxonomy":"post_tag","embeddable":true,"href":"https:\/\/schwarze-welle.com\/index.php?rest_route=%2Fwp%2Fv2%2Ftags&post=11948"}],"curies":[{"name":"wp","href":"https:\/\/api.w.org\/{rel}","templated":true}]}}