{"id":11820,"date":"2025-11-17T16:00:07","date_gmt":"2025-11-17T15:00:07","guid":{"rendered":"https:\/\/schwarze-welle.com\/?p=11820"},"modified":"2025-11-17T14:12:26","modified_gmt":"2025-11-17T13:12:26","slug":"plage-noire-2025","status":"publish","type":"post","link":"https:\/\/schwarze-welle.com\/?p=11820","title":{"rendered":"Die schwarze Seele des Nordens"},"content":{"rendered":"<h2 style=\"font-weight: 400;\"><strong>Die schwarze Seele des Nordens<br \/>\n<\/strong>Das Plage Noire 2025<\/h2>\n<p><img data-recalc-dims=\"1\" fetchpriority=\"high\" decoding=\"async\" class=\"size-medium wp-image-11826 aligncenter\" src=\"https:\/\/i0.wp.com\/schwarze-welle.com\/wp-content\/uploads\/2025\/11\/Eingang-Plage-Noire.jpg?resize=770%2C616&#038;ssl=1\" alt=\"\" width=\"770\" height=\"616\" srcset=\"https:\/\/i0.wp.com\/schwarze-welle.com\/wp-content\/uploads\/2025\/11\/Eingang-Plage-Noire-scaled.jpg?resize=770%2C616&amp;ssl=1 770w, https:\/\/i0.wp.com\/schwarze-welle.com\/wp-content\/uploads\/2025\/11\/Eingang-Plage-Noire-scaled.jpg?resize=1170%2C936&amp;ssl=1 1170w, https:\/\/i0.wp.com\/schwarze-welle.com\/wp-content\/uploads\/2025\/11\/Eingang-Plage-Noire-scaled.jpg?resize=768%2C614&amp;ssl=1 768w, https:\/\/i0.wp.com\/schwarze-welle.com\/wp-content\/uploads\/2025\/11\/Eingang-Plage-Noire-scaled.jpg?resize=1536%2C1229&amp;ssl=1 1536w, https:\/\/i0.wp.com\/schwarze-welle.com\/wp-content\/uploads\/2025\/11\/Eingang-Plage-Noire-scaled.jpg?resize=2048%2C1638&amp;ssl=1 2048w, https:\/\/i0.wp.com\/schwarze-welle.com\/wp-content\/uploads\/2025\/11\/Eingang-Plage-Noire-scaled.jpg?w=2340&amp;ssl=1 2340w\" sizes=\"(max-width: 770px) 100vw, 770px\" \/><\/p>\n<p style=\"font-weight: 400;\">Als wir am Freitagnachmittag am <a href=\"https:\/\/www.weissenhaeuserstrand.de\">Wei\u00dfenh\u00e4user Strand<\/a> eintreffen, f\u00e4llt als Erstes die hohe Dichte an Autokennzeichen mit der Zahlenkombination 666 auf. Schon beim Betreten des Gel\u00e4ndes sp\u00fcrte man die Vorfreude \u2013 der Wei\u00dfe Strand verwandelte sich f\u00fcr das Wochenende vom 14.-15. November 2025 in ein pulsierendes Zentrum der Schwarzen Szene. Bereits am Donnerstag begann mit einer Pre-Party das <a href=\"https:\/\/plagenoire.de\">PLAGE NOIRE<\/a>, ein Festival am Ostseestrand.<\/p>\n<h4 style=\"font-weight: 400;\"><strong>Das Line Up<\/strong><\/h4>\n<p style=\"font-weight: 400;\">Das Line Up bot eine beeindruckende Genre-Vielfalt: Von Headlinern wie <a href=\"https:\/\/vnvnation.com\">VNV NATION<\/a>, <a href=\"https:\/\/www.nitzerebbprodukt.com\">NITZER EBB<\/a>, <a href=\"https:\/\/www.deine-lakaien.com\">DEINE LAKAIEN<\/a> und <a href=\"https:\/\/www.schandmaul.de\">SCHANDMAUL<\/a> bis zu Szenelegenden wie <a href=\"https:\/\/dasich.de\">DAS ICH<\/a> und jungen Acts wie <a href=\"https:\/\/infactedrecordings.bandcamp.com\">FUTURE LIED TO US<\/a> war alles dabei. Dank der kurzen Wege und der Pausen zwischen den Auftritten liess sich das Programm entspannt geniessen. Hier unterscheidet sich das Plage Noire von den weitl\u00e4ufigeren und schnellen getakteten Festivals wie den grossen Pendants aus Leipzig oder Hildesheim.<\/p>\n<h4 style=\"font-weight: 400;\"><strong>Ein Spaziergang \u00fcber das Gel\u00e4nde<\/strong><\/h4>\n<p style=\"font-weight: 400;\">Herzst\u00fcck des Festivals bildet das Hauptgeb\u00e4ude mit verschiedenen Restaurants, Bars und einer der B\u00fchnen. Im Aussenbereich finden sich die Hauptb\u00fchne, Le Chapiteau \u2013 ein riesiges Zelt, und La Rotonde, die kleinste B\u00fchne. Die Fashion Walks finden im Innern statt. Neben der Musik bot das Festival auch Raum f\u00fcr Mode und Handwerk im Aussenbereich, ein kleiner Mittelaltermarkt und Le Bazar luden zum Flanieren ein. Verschiedene H\u00e4ndler*innen waren dort anzutreffen, beispielsweise Mond M\u00e4dchen Couture, ein Designlabel, das auch einen der Fashion Walks durchf\u00fchrte. Wer Wind und Wetter nicht scheute, konnte nat\u00fcrlich auch den Strand besuchen. Dort wurde auch das allj\u00e4hrliche Strandfoto aufgenommen. Nebst dem eigentlichen Festival sind den Besucher*innen jeweils auch Sauna, Schwimmbad und Dschungelland zug\u00e4nglich.<\/p>\n<h4 style=\"font-weight: 400;\"><strong>Einige Einblicke in die Konzertlandschaft des Festivals<\/strong><\/h4>\n<p style=\"font-weight: 400;\">Auf der Hauptb\u00fchne er\u00f6ffneten <a href=\"https:\/\/www.gothminister.com\">GOTHMINISTER<\/a> das Festival, w\u00e4hrend der Salle de F\u00eate mit <a href=\"https:\/\/www.anysecond.eu\/\u00fcber-uns\/\">ANY SECOND<\/a> er\u00f6ffnet wurde. Beide B\u00fchnen f\u00fcllten sich zuverl\u00e4ssig und das Feiern begann. Zweiter Act auf der mittleren B\u00fchne war die schwedische Synth-Pop-Gruppe <a href=\"https:\/\/ashburyheights.bandcamp.com\">ASHBURY HEIGHTS<\/a>. Das Trio lud sein Publikum zu einer rasanten und passionierten Show. Bereits nach den ersten Takten vibrierte die Halle und das Publikum tanzte euphorisch mit. Wer beim Amphi 2025 dabei war, erinnerte sich vielleicht noch an die unglaubliche Hitze auf der Theaterb\u00fchne \u2013 auch diesmal hinterliess die Band eine aufgeheizte Halle und gl\u00fcckliche, aber ersch\u00f6pfte Zuschauer*innen, denn sp\u00e4testens bei der Hymne des Andersseins \u00a0\u00ab<em>Anti-Ordinary<\/em>\u00bb sang beinahe jede:r Anwesende mit.<\/p>\n<p><img data-recalc-dims=\"1\" decoding=\"async\" class=\"size-medium wp-image-11823 aligncenter\" src=\"https:\/\/i0.wp.com\/schwarze-welle.com\/wp-content\/uploads\/2025\/11\/Ashbury-Heights.png?resize=616%2C770&#038;ssl=1\" alt=\"\" width=\"616\" height=\"770\" srcset=\"https:\/\/i0.wp.com\/schwarze-welle.com\/wp-content\/uploads\/2025\/11\/Ashbury-Heights.png?resize=616%2C770&amp;ssl=1 616w, https:\/\/i0.wp.com\/schwarze-welle.com\/wp-content\/uploads\/2025\/11\/Ashbury-Heights.png?resize=936%2C1170&amp;ssl=1 936w, https:\/\/i0.wp.com\/schwarze-welle.com\/wp-content\/uploads\/2025\/11\/Ashbury-Heights.png?resize=768%2C960&amp;ssl=1 768w, https:\/\/i0.wp.com\/schwarze-welle.com\/wp-content\/uploads\/2025\/11\/Ashbury-Heights.png?w=1162&amp;ssl=1 1162w\" sizes=\"(max-width: 616px) 100vw, 616px\" \/><\/p>\n<p><img data-recalc-dims=\"1\" decoding=\"async\" class=\"size-medium wp-image-11824 aligncenter\" src=\"https:\/\/i0.wp.com\/schwarze-welle.com\/wp-content\/uploads\/2025\/11\/Das-Ich-1.jpg?resize=616%2C770&#038;ssl=1\" alt=\"\" width=\"616\" height=\"770\" srcset=\"https:\/\/i0.wp.com\/schwarze-welle.com\/wp-content\/uploads\/2025\/11\/Das-Ich-1-scaled.jpg?resize=616%2C770&amp;ssl=1 616w, https:\/\/i0.wp.com\/schwarze-welle.com\/wp-content\/uploads\/2025\/11\/Das-Ich-1-scaled.jpg?resize=936%2C1170&amp;ssl=1 936w, https:\/\/i0.wp.com\/schwarze-welle.com\/wp-content\/uploads\/2025\/11\/Das-Ich-1-scaled.jpg?resize=768%2C960&amp;ssl=1 768w, https:\/\/i0.wp.com\/schwarze-welle.com\/wp-content\/uploads\/2025\/11\/Das-Ich-1-scaled.jpg?resize=1229%2C1536&amp;ssl=1 1229w, https:\/\/i0.wp.com\/schwarze-welle.com\/wp-content\/uploads\/2025\/11\/Das-Ich-1-scaled.jpg?resize=1638%2C2048&amp;ssl=1 1638w, https:\/\/i0.wp.com\/schwarze-welle.com\/wp-content\/uploads\/2025\/11\/Das-Ich-1-scaled.jpg?w=2048&amp;ssl=1 2048w\" sizes=\"(max-width: 616px) 100vw, 616px\" \/><\/p>\n<p style=\"font-weight: 400;\">Im Anschluss spielten DAS ICH und eine v\u00f6llig andere Art der Show wurde dem Publikum geboten. Eine faszinierende Reise durch mehrere Jahrzehnte Musikgeschichte unternahmen die Band und das Publikum, denn mitunter wurden auch Zuschauer*innen zu menschlichen Notenst\u00e4ndern. Ein besonderes Highlight des Auftritts war der sp\u00fcrbare Zusammenhalt unter den Musikern und die Atmosph\u00e4re, die sie dadurch webten.<\/p>\n<p><img data-recalc-dims=\"1\" loading=\"lazy\" decoding=\"async\" class=\"size-medium wp-image-11825 aligncenter\" src=\"https:\/\/i0.wp.com\/schwarze-welle.com\/wp-content\/uploads\/2025\/11\/Das-Ich-2.png?resize=770%2C616&#038;ssl=1\" alt=\"\" width=\"770\" height=\"616\" srcset=\"https:\/\/i0.wp.com\/schwarze-welle.com\/wp-content\/uploads\/2025\/11\/Das-Ich-2.png?resize=770%2C616&amp;ssl=1 770w, https:\/\/i0.wp.com\/schwarze-welle.com\/wp-content\/uploads\/2025\/11\/Das-Ich-2.png?resize=768%2C614&amp;ssl=1 768w, https:\/\/i0.wp.com\/schwarze-welle.com\/wp-content\/uploads\/2025\/11\/Das-Ich-2.png?w=1165&amp;ssl=1 1165w\" sizes=\"(max-width: 770px) 100vw, 770px\" \/><\/p>\n<p style=\"font-weight: 400;\">Den Abschluss des ersten Tages bildete Ronan Harris mit VNV NATION. Wer auch immer ein Konzert dieser Band besucht, weiss, dass ihn nicht nur Musik erwartet, sondern auch eine Lektion in Menschlichkeit. So auch am Plage Noire: \u00abWir passen aufeinander auf, wir haben ja sonst niemanden.\u00bb \u00a0Es gibt wenige Musiker*innen, die sich auch w\u00e4hrend ihrer Konzerte so konsequent f\u00fcr das Wohlbefinden ihrer Zuschauer*innen einsetzen.<\/p>\n<h4 style=\"font-weight: 400;\"><strong>Intermezzo: Momente der Dankbarkeit<\/strong><\/h4>\n<p style=\"font-weight: 400;\">Besonders in Erinnerung bleiben d\u00fcrften den Besucher*innen des Festivals wohl, wie dankbar die Kunstschaffenden sich zeigten. \u00dcberhaupt zeigte sich an dieser Ausgabe des \u00abSchwarzen Strandes\u00bb wieder einmal, wie sehr die Subkultur auch eine \u00abgrosse, gl\u00fcckliche Familie\u00bb (vgl. GOTHMINISTER: \u00abOne Dark Happy Nation\u00bb) sein kann. Die Bands leisteten sich gegenseitigen Support, beispielsweise durch das Tragen des Shirts anderer Bands. Aber eben auch zwischen Fans und Bands gab es manchen Moment, der die Verbundenheit aufzeigte.<\/p>\n<h4 style=\"font-weight: 400;\"><strong>Impressionen des zweiten Tages<\/strong><\/h4>\n<p style=\"font-weight: 400;\">Musikalisch begann der zweite Tag am Plage Noire etwas fr\u00fcher als der Freitag. 15 Bands bespielten am Samstag die B\u00fchnen, das Finale gaben NITZER EBB auf der Hauptb\u00fchne.<\/p>\n<p><img data-recalc-dims=\"1\" loading=\"lazy\" decoding=\"async\" class=\"size-medium wp-image-11828 aligncenter\" src=\"https:\/\/i0.wp.com\/schwarze-welle.com\/wp-content\/uploads\/2025\/11\/Neuroticfish.jpg?resize=770%2C616&#038;ssl=1\" alt=\"\" width=\"770\" height=\"616\" srcset=\"https:\/\/i0.wp.com\/schwarze-welle.com\/wp-content\/uploads\/2025\/11\/Neuroticfish-scaled.jpg?resize=770%2C616&amp;ssl=1 770w, https:\/\/i0.wp.com\/schwarze-welle.com\/wp-content\/uploads\/2025\/11\/Neuroticfish-scaled.jpg?resize=1170%2C936&amp;ssl=1 1170w, https:\/\/i0.wp.com\/schwarze-welle.com\/wp-content\/uploads\/2025\/11\/Neuroticfish-scaled.jpg?resize=768%2C614&amp;ssl=1 768w, https:\/\/i0.wp.com\/schwarze-welle.com\/wp-content\/uploads\/2025\/11\/Neuroticfish-scaled.jpg?resize=1536%2C1229&amp;ssl=1 1536w, https:\/\/i0.wp.com\/schwarze-welle.com\/wp-content\/uploads\/2025\/11\/Neuroticfish-scaled.jpg?resize=2048%2C1638&amp;ssl=1 2048w, https:\/\/i0.wp.com\/schwarze-welle.com\/wp-content\/uploads\/2025\/11\/Neuroticfish-scaled.jpg?w=2340&amp;ssl=1 2340w\" sizes=\"(max-width: 770px) 100vw, 770px\" \/><\/p>\n<p style=\"font-weight: 400;\">Mit ausklingender Erk\u00e4ltung und klarer Ansage via Shirt \u00fcberzeugten <a href=\"http:\/\/ebmisdead.com\">NEUROTICFISH<\/a> ihr Publikum. Nebst eing\u00e4ngigen Rhythmen machte auch der Humor einen nicht unerheblichen Teil der Performance aus, die Sympathien des Publikums waren der Future-Pop-Band sicher. Eines zeigte sich auch hier: Eine klare Haltung ist vielen Kunstschaffenden wichtig, sie wollen diese auch aufzeigen und leben.<\/p>\n<p style=\"font-weight: 400;\">Auf derselben B\u00fchne fanden sich im Anschluss Vasi Vallis und Felix Marc mit ihrem Projekt <a href=\"https:\/\/www.instagram.com\/frozenplasma\/\">FROZEN PLASMA<\/a>, das ebenfalls zwanzigj\u00e4hriges Bestehen feierte in diesem Jahr. Das Duo \u00fcberzeugte mit bekannteren St\u00fccken, aber auch mit Remixes. Einen besonderen Moment erzeugte dann auch die Aufforderung, man solle den Moment mit jenen Menschen geniessen, die man liebe \u2013 ganz gem\u00e4ss dem Motto \u00abAll we have is now\u00bb.<\/p>\n<p><img data-recalc-dims=\"1\" loading=\"lazy\" decoding=\"async\" class=\"size-medium wp-image-11827 aligncenter\" src=\"https:\/\/i0.wp.com\/schwarze-welle.com\/wp-content\/uploads\/2025\/11\/Frozen-Plasma.jpg?resize=770%2C616&#038;ssl=1\" alt=\"\" width=\"770\" height=\"616\" srcset=\"https:\/\/i0.wp.com\/schwarze-welle.com\/wp-content\/uploads\/2025\/11\/Frozen-Plasma-scaled.jpg?resize=770%2C616&amp;ssl=1 770w, https:\/\/i0.wp.com\/schwarze-welle.com\/wp-content\/uploads\/2025\/11\/Frozen-Plasma-scaled.jpg?resize=1170%2C936&amp;ssl=1 1170w, https:\/\/i0.wp.com\/schwarze-welle.com\/wp-content\/uploads\/2025\/11\/Frozen-Plasma-scaled.jpg?resize=768%2C614&amp;ssl=1 768w, https:\/\/i0.wp.com\/schwarze-welle.com\/wp-content\/uploads\/2025\/11\/Frozen-Plasma-scaled.jpg?resize=1536%2C1229&amp;ssl=1 1536w, https:\/\/i0.wp.com\/schwarze-welle.com\/wp-content\/uploads\/2025\/11\/Frozen-Plasma-scaled.jpg?resize=2048%2C1638&amp;ssl=1 2048w, https:\/\/i0.wp.com\/schwarze-welle.com\/wp-content\/uploads\/2025\/11\/Frozen-Plasma-scaled.jpg?w=2340&amp;ssl=1 2340w\" sizes=\"(max-width: 770px) 100vw, 770px\" \/><\/p>\n<h4 style=\"font-weight: 400;\"><strong>Vielfalt im Kleinen<\/strong><\/h4>\n<p style=\"font-weight: 400;\">Das Festival erstreckte sich \u00fcber zwei Tage, eine Pre-Party hatte am Donnerstag stattgefunden. Der Abreisetag begann f\u00fcr einige sehr fr\u00fch \u2013 die ein oder anderen g\u00f6nnten sich vielleicht bereits die Tickets f\u00fcr das Folgejahr, wenn der Strand sich wieder schwarz f\u00e4rben wird.<\/p>\n<p style=\"font-weight: 400;\">Es bleibt festzuhalten, dass das Festivalgel\u00e4nde ebenso abwechslungsreich war wie das Line Up. Mit 26 Bands, drei Lesungen und sechs Fashion Walks sowie einem diversen Shoppingangebot gab es f\u00fcr jeden Geschmack etwas. Was aber am meisten in Erinnerung bleiben wird: Tolles Personal, insbesondere auch an den Bars der B\u00fchnen, bei der Security und der restlichen Crew, die Gemeinschaft und das ein oder andere Strandfoto.<\/p>\n<p><img data-recalc-dims=\"1\" loading=\"lazy\" decoding=\"async\" class=\"size-medium wp-image-11829 aligncenter\" src=\"https:\/\/i0.wp.com\/schwarze-welle.com\/wp-content\/uploads\/2025\/11\/Strand.jpg?resize=770%2C616&#038;ssl=1\" alt=\"\" width=\"770\" height=\"616\" srcset=\"https:\/\/i0.wp.com\/schwarze-welle.com\/wp-content\/uploads\/2025\/11\/Strand-scaled.jpg?resize=770%2C616&amp;ssl=1 770w, https:\/\/i0.wp.com\/schwarze-welle.com\/wp-content\/uploads\/2025\/11\/Strand-scaled.jpg?resize=1170%2C936&amp;ssl=1 1170w, https:\/\/i0.wp.com\/schwarze-welle.com\/wp-content\/uploads\/2025\/11\/Strand-scaled.jpg?resize=768%2C614&amp;ssl=1 768w, https:\/\/i0.wp.com\/schwarze-welle.com\/wp-content\/uploads\/2025\/11\/Strand-scaled.jpg?resize=1536%2C1229&amp;ssl=1 1536w, https:\/\/i0.wp.com\/schwarze-welle.com\/wp-content\/uploads\/2025\/11\/Strand-scaled.jpg?resize=2048%2C1638&amp;ssl=1 2048w, https:\/\/i0.wp.com\/schwarze-welle.com\/wp-content\/uploads\/2025\/11\/Strand-scaled.jpg?w=2340&amp;ssl=1 2340w\" sizes=\"(max-width: 770px) 100vw, 770px\" \/><\/p>\n<p style=\"font-weight: 400;\">\n","protected":false},"excerpt":{"rendered":"<p>Die schwarze Seele des Nordens Das Plage Noire 2025 Als wir am Freitagnachmittag am Wei\u00dfenh\u00e4user Strand eintreffen, f\u00e4llt als Erstes die hohe Dichte an Autokennzeichen mit der Zahlenkombination 666 auf. Schon beim Betreten des Gel\u00e4ndes sp\u00fcrte man die Vorfreude \u2013 der Wei\u00dfe Strand verwandelte sich f\u00fcr das Wochenende vom 14.-15. ...<\/p>\n","protected":false},"author":21,"featured_media":11826,"comment_status":"closed","ping_status":"closed","sticky":false,"template":"","format":"standard","meta":{"_acf_changed":false,"ngg_post_thumbnail":0,"_jetpack_memberships_contains_paid_content":false,"footnotes":""},"categories":[20,17],"tags":[596,1421,1874,1891,189,70,482,764,1869,1855,1117,88,56,3007,295,74,1005,3006,179],"class_list":["post-11820","post","type-post","status-publish","format-standard","has-post-thumbnail","hentry","category-konzert-reviews","category-news","tag-aggrotech","tag-any-second","tag-ashbury-heights","tag-das-ich","tag-ebm","tag-festival","tag-frozen-plasma","tag-future-lied-to-us","tag-gothminister","tag-kein-platz-fuer-nazis-in-der-szene","tag-mittelalter","tag-neuroticfish","tag-nitzer-ebb","tag-ostsee","tag-plage-noire","tag-schandmaul","tag-synth-pop","tag-synth-wave","tag-vnv-nation"],"acf":[],"jetpack_featured_media_url":"https:\/\/i0.wp.com\/schwarze-welle.com\/wp-content\/uploads\/2025\/11\/Eingang-Plage-Noire-scaled.jpg?fit=2560%2C2048&ssl=1","jetpack_sharing_enabled":true,"_links":{"self":[{"href":"https:\/\/schwarze-welle.com\/index.php?rest_route=\/wp\/v2\/posts\/11820","targetHints":{"allow":["GET"]}}],"collection":[{"href":"https:\/\/schwarze-welle.com\/index.php?rest_route=\/wp\/v2\/posts"}],"about":[{"href":"https:\/\/schwarze-welle.com\/index.php?rest_route=\/wp\/v2\/types\/post"}],"author":[{"embeddable":true,"href":"https:\/\/schwarze-welle.com\/index.php?rest_route=\/wp\/v2\/users\/21"}],"replies":[{"embeddable":true,"href":"https:\/\/schwarze-welle.com\/index.php?rest_route=%2Fwp%2Fv2%2Fcomments&post=11820"}],"version-history":[{"count":7,"href":"https:\/\/schwarze-welle.com\/index.php?rest_route=\/wp\/v2\/posts\/11820\/revisions"}],"predecessor-version":[{"id":11835,"href":"https:\/\/schwarze-welle.com\/index.php?rest_route=\/wp\/v2\/posts\/11820\/revisions\/11835"}],"wp:featuredmedia":[{"embeddable":true,"href":"https:\/\/schwarze-welle.com\/index.php?rest_route=\/wp\/v2\/media\/11826"}],"wp:attachment":[{"href":"https:\/\/schwarze-welle.com\/index.php?rest_route=%2Fwp%2Fv2%2Fmedia&parent=11820"}],"wp:term":[{"taxonomy":"category","embeddable":true,"href":"https:\/\/schwarze-welle.com\/index.php?rest_route=%2Fwp%2Fv2%2Fcategories&post=11820"},{"taxonomy":"post_tag","embeddable":true,"href":"https:\/\/schwarze-welle.com\/index.php?rest_route=%2Fwp%2Fv2%2Ftags&post=11820"}],"curies":[{"name":"wp","href":"https:\/\/api.w.org\/{rel}","templated":true}]}}