{"id":11456,"date":"2025-03-14T20:43:03","date_gmt":"2025-03-14T19:43:03","guid":{"rendered":"https:\/\/schwarze-welle.com\/?p=11456"},"modified":"2025-03-14T20:43:03","modified_gmt":"2025-03-14T19:43:03","slug":"dark-mood-pop-festival-2025-wohlfuehlatmosphaere-in-oberhausen","status":"publish","type":"post","link":"https:\/\/schwarze-welle.com\/?p=11456","title":{"rendered":"Dark Mood Pop Festival 2025 &#8211; Wohlf\u00fchlatmosph\u00e4re in Oberhausen"},"content":{"rendered":"<h2>DARK MOOD POP FESTIVAL<\/h2>\n<p>Herrliches Wetter sorgte am 08. M\u00e4rz f\u00fcr entspannte Gem\u00fcter, die sich am Abend im <a href=\"https:\/\/www.facebook.com\/drucklufthaus\" target=\"_blank\" rel=\"noopener\">Druckluft<\/a> Oberhausen versammelten, um die dritte und somit auch die letzte Auflage des DARK MOOD POP FESTIVAL zu genie\u00dfen. Kurz nach 20 Uhr begr\u00fc\u00dfte <a href=\"https:\/\/www.facebook.com\/seaofsinGER\" target=\"_blank\" rel=\"noopener\">SEA OF SIN<\/a> Frontmann Frank Zwicker die angereisten Besucher in der Halle des Druckluft Oberhausen und k\u00fcndigte den ersten Act des Abends an.<\/p>\n<h2>ROTOSKOP<\/h2>\n<p>Klaus Gratzel er\u00f6ffnete den atmosph\u00e4rischen Konzertabend. Mit seinem Projekt <a href=\"https:\/\/www.facebook.com\/Rotoskop\" target=\"_blank\" rel=\"noopener\">ROTOSKOP<\/a> \u00fcberzeugte der kreative und &#8222;visuell denkende&#8220; K\u00fcnstler auf Anhieb und brachte das Publikum flott auf Betriebstemperatur. Zuckende F\u00fc\u00dfe und in Schwingung versetzte Leiber begleiteten die Performance Gratzels, der die Empfindung der Leiblichkeit, gemeint ist hier das Zusammenspiel von K\u00f6rper und Bewusstsein (Anm. d. Red.), nahezu provozierte.&nbsp;<\/p>\n<blockquote>\n<p style=\"text-align: center;\">Ich m\u00f6chte ganz kurz f\u00fcr gute Stimmung sorgen.<\/p>\n<\/blockquote>\n<p>&nbsp;<\/p>\n<p>Bevor mit <em>&#8222;Hey You&#8220;<\/em> der vierte Song angespielt werden konnte, musste also zun\u00e4chst einmal die Gitarre modifiziert werden. Der kleine Scherz am Rand sickerte hier und da auf Umwegen durch die Zuschauerreihen und sorgte daher fast doppelt f\u00fcr Am\u00fcsement&#8230;<\/p>\n<p>&nbsp;<\/p>\n<p><img data-recalc-dims=\"1\" fetchpriority=\"high\" decoding=\"async\" class=\"size-medium wp-image-11458 aligncenter\" src=\"https:\/\/i0.wp.com\/schwarze-welle.com\/wp-content\/uploads\/2025\/03\/DF2_8575.jpg?resize=513%2C770&#038;ssl=1\" alt=\"\" width=\"513\" height=\"770\" srcset=\"https:\/\/i0.wp.com\/schwarze-welle.com\/wp-content\/uploads\/2025\/03\/DF2_8575-scaled.jpg?resize=513%2C770&amp;ssl=1 513w, https:\/\/i0.wp.com\/schwarze-welle.com\/wp-content\/uploads\/2025\/03\/DF2_8575-scaled.jpg?resize=780%2C1170&amp;ssl=1 780w, https:\/\/i0.wp.com\/schwarze-welle.com\/wp-content\/uploads\/2025\/03\/DF2_8575-scaled.jpg?resize=768%2C1152&amp;ssl=1 768w, https:\/\/i0.wp.com\/schwarze-welle.com\/wp-content\/uploads\/2025\/03\/DF2_8575-scaled.jpg?resize=1024%2C1536&amp;ssl=1 1024w, https:\/\/i0.wp.com\/schwarze-welle.com\/wp-content\/uploads\/2025\/03\/DF2_8575-scaled.jpg?resize=1365%2C2048&amp;ssl=1 1365w, https:\/\/i0.wp.com\/schwarze-welle.com\/wp-content\/uploads\/2025\/03\/DF2_8575-scaled.jpg?w=1707&amp;ssl=1 1707w\" sizes=\"(max-width: 513px) 100vw, 513px\" \/><\/p>\n<p>&nbsp;<\/p>\n<p>1978 setzten THE HUMAN LEAGUE mit <em>&#8222;Being Boiled&#8220;<\/em> einen Meilenstein und erschufen einen sanften \u00dcbergang der Punk-\u00c4ra in das Zeitalter des New Wave. Der Song sollte also zur Allgemeinbildung jeder dunklen Seele geh\u00f6ren und nat\u00fcrlich wurde das &#8222;erfrischende&#8220; Cover von den Anwesenden sofort erkannt, wertgesch\u00e4tzt und zelebriert. ROTOSKOP lieferte ab.<\/p>\n<h3>Willkommen im Hier und Jetzt<\/h3>\n<p>Dankbar genoss der Essener sein Publikum, mit dem er &#8211; ganz ohne Handyfilmerei &#8211; im Hier und Jetzt verweilen durfte. Keine Selbstverst\u00e4ndlichkeit in der heutigen Zeit. Doch wer an jenem Abend zugegen war, verzichtete wohl ganz bewusst darauf, den Mitmenschen, mittels erleuchteten Displays, die Sicht auf die B\u00fchne zu nehmen. Musik und K\u00fcnstler standen an diesem Samstag im Vordergrund. Wer Fotos von und mit den Bands machen wollte, hatte \u00fcbrigens nach dem Konzert noch gen\u00fcgend Gelegenheit dazu. Jetzt ging es aber zun\u00e4chst einmal in den <em>&#8222;Dark Room&#8220;<\/em>.<\/p>\n<p>&nbsp;<\/p>\n<p><img data-recalc-dims=\"1\" decoding=\"async\" class=\"size-medium wp-image-11459 aligncenter\" src=\"https:\/\/i0.wp.com\/schwarze-welle.com\/wp-content\/uploads\/2025\/03\/DF2_8758.jpg?resize=513%2C770&#038;ssl=1\" alt=\"\" width=\"513\" height=\"770\" srcset=\"https:\/\/i0.wp.com\/schwarze-welle.com\/wp-content\/uploads\/2025\/03\/DF2_8758-scaled.jpg?resize=513%2C770&amp;ssl=1 513w, https:\/\/i0.wp.com\/schwarze-welle.com\/wp-content\/uploads\/2025\/03\/DF2_8758-scaled.jpg?resize=780%2C1170&amp;ssl=1 780w, https:\/\/i0.wp.com\/schwarze-welle.com\/wp-content\/uploads\/2025\/03\/DF2_8758-scaled.jpg?resize=768%2C1152&amp;ssl=1 768w, https:\/\/i0.wp.com\/schwarze-welle.com\/wp-content\/uploads\/2025\/03\/DF2_8758-scaled.jpg?resize=1024%2C1536&amp;ssl=1 1024w, https:\/\/i0.wp.com\/schwarze-welle.com\/wp-content\/uploads\/2025\/03\/DF2_8758-scaled.jpg?resize=1365%2C2048&amp;ssl=1 1365w, https:\/\/i0.wp.com\/schwarze-welle.com\/wp-content\/uploads\/2025\/03\/DF2_8758-scaled.jpg?w=1707&amp;ssl=1 1707w\" sizes=\"(max-width: 513px) 100vw, 513px\" \/><\/p>\n<p>&nbsp;<\/p>\n<p>Nach einer guten halben Stunde kitzelte ROTOSKOP mit <em>&#8222;On Fire&#8220;<\/em> nun auch die letzte gut verborgene Tanzfreude der schwarzen Seelen hervor, bevor es mit der Ank\u00fcndigung zu <em>&#8222;Back In Time&#8220;<\/em> deutlich kritischer wurde.&nbsp;<\/p>\n<blockquote>\n<p style=\"text-align: center;\">Es gibt komische gesellschaftliche Ver\u00e4nderungen, die mir gro\u00dfe Sorgen machen. Jeder F\u00fcnfte w\u00e4hlt <del>AfD<\/del>, jeder Zweite w\u00e4hlt irgendwas Christliches noch dazu. Finde ich irgendwie ziemlich abfuckend. Das ist meine pers\u00f6nliche Meinung, ich sprech da nur f\u00fcr mich, nicht f\u00fcr andere Musiker. Und ich muss ganz ehrlich sagen, ich find es einfach nur zum Kotzen. Wir bewegen uns zur\u00fcck in der Zeit&#8230;<\/p>\n<p>&nbsp;<\/p><\/blockquote>\n<p>Nicht verwunderlich, dass Klaus Gratzel mit dieser Meinung nicht allein in der Halle des antifaschistischen Jugend,-und Kulturzentrums stand. \ud83d\udda4<\/p>\n<p>&nbsp;<\/p>\n<p><img data-recalc-dims=\"1\" decoding=\"async\" class=\"size-medium wp-image-11460 aligncenter\" src=\"https:\/\/i0.wp.com\/schwarze-welle.com\/wp-content\/uploads\/2025\/03\/DF2_8876.jpg?resize=513%2C770&#038;ssl=1\" alt=\"\" width=\"513\" height=\"770\" srcset=\"https:\/\/i0.wp.com\/schwarze-welle.com\/wp-content\/uploads\/2025\/03\/DF2_8876-scaled.jpg?resize=513%2C770&amp;ssl=1 513w, https:\/\/i0.wp.com\/schwarze-welle.com\/wp-content\/uploads\/2025\/03\/DF2_8876-scaled.jpg?resize=780%2C1170&amp;ssl=1 780w, https:\/\/i0.wp.com\/schwarze-welle.com\/wp-content\/uploads\/2025\/03\/DF2_8876-scaled.jpg?resize=768%2C1152&amp;ssl=1 768w, https:\/\/i0.wp.com\/schwarze-welle.com\/wp-content\/uploads\/2025\/03\/DF2_8876-scaled.jpg?resize=1024%2C1536&amp;ssl=1 1024w, https:\/\/i0.wp.com\/schwarze-welle.com\/wp-content\/uploads\/2025\/03\/DF2_8876-scaled.jpg?resize=1365%2C2048&amp;ssl=1 1365w, https:\/\/i0.wp.com\/schwarze-welle.com\/wp-content\/uploads\/2025\/03\/DF2_8876-scaled.jpg?w=1707&amp;ssl=1 1707w\" sizes=\"(max-width: 513px) 100vw, 513px\" \/><\/p>\n<p>&nbsp;<\/p>\n<p>Nachdem das Kapodaster noch vom selbst betitelten &#8222;alten Mann&#8220; aus der Tasche gekramt ward, stimmte dieser den n\u00e4chsten Song an. Gewidmet all denen, <em>&#8222;die etwas mehr vom Sex erwarten, als Bl\u00fcmchen oder Missionar&#8220;<\/em>&#8230; So lauerte der Track <em>&#8222;Dark Desire&#8220;<\/em> im Dunklen und entz\u00fcckte mit schweren, s\u00fc\u00dflichen Beats, die hier und da direkt ins Blut \u00fcbergingen.<\/p>\n<p>Nach einigen warmen Worten an den Techniker, den Veranstalter SEA OF SIN und nicht zuletzt dem wunderbaren Publikum, verwies der Solist unter anderem auf den Merch-Stand, der liebevoll betreut wurde.&nbsp;<\/p>\n<blockquote>\n<p style=\"text-align: center;\">Wir brauchen eure Unterst\u00fctzung. Wenn ihr Musik m\u00f6gt, die nicht dem allgemeinen Strom entsprechen, die nicht dem Mainstream entsprechen, die euch aber so viel gibt, unterst\u00fctzt diesen K\u00fcnstler&#8230;<\/p>\n<p style=\"text-align: center;\">&#8230; nur so k\u00f6nnen wir das weiterhin f\u00fcr euch bieten, was wir auch euch bieten wollen&#8230;<\/p>\n<\/blockquote>\n<p>Dem vermeintlich angedachten letzten Song <em>&#8222;You Move Me&#8220;<\/em> folgte die eingeforderte Zugabe <em>&#8222;Buried Down Below&#8220;. <\/em>Anschlie\u00dfend \u00fcbernahm <a href=\"https:\/\/www.facebook.com\/profile.php?id=100067569392627\" target=\"_blank\" rel=\"noopener\">DJANE BANDIDA<\/a> das Feld und unterlegte die Umbaupause mit feinster elektronischer Tanzmusik.&nbsp;<\/p>\n<p>Zeit f\u00fcr eine Kietzmische. Keine Werbung, keine Produktplatzierung (Anm. d. Red.).<\/p>\n<h3>Setlist<\/h3>\n<p>01. After Midnight<\/p>\n<p>02. Love Peace Honesty<\/p>\n<p>03. Talk &amp; Pray<\/p>\n<p>04. Hey You<\/p>\n<p>05. Being Boiled<\/p>\n<p>06. Today<\/p>\n<p>07. Dark Room<\/p>\n<p>08. On Fire<\/p>\n<p>09. Back in Time<\/p>\n<p>10. Dark Desire<\/p>\n<p>11. You Move Me<\/p>\n<p>&nbsp;<\/p>\n<h3>Websites<\/h3>\n<p><a href=\"https:\/\/rotoskopofficial.bandcamp.com\/\" target=\"_blank\" rel=\"noopener\">https:\/\/rotoskopofficial.bandcamp.com\/<\/a>&nbsp;<\/p>\n<div class=\"x78zum5 xdt5ytf xz62fqu x16ldp7u\">\n<div class=\"xu06os2 x1ok221b\"><span class=\"x193iq5w xeuugli x13faqbe x1vvkbs x1xmvt09 x1lliihq x1s928wv xhkezso x1gmr53x x1cpjm7i x1fgarty x1943h6x xudqn12 x3x7a5m x6prxxf xvq8zen xo1l8bm x1fey0fg x1yc453h\" dir=\"auto\"><a href=\"http:\/\/facebook.com\/Rotoskop\" target=\"_blank\" rel=\"noopener\">http:\/\/facebook.com\/Rotoskop<\/a><\/span><\/div>\n<\/div>\n<div>&nbsp;<\/div>\n<div>&nbsp;<\/div>\n<h2>FINAL SELECTION<\/h2>\n<p>&nbsp;<\/p>\n<p>Zwischen SynthPop und Dark Wave bewegen sich die Jungs von <a href=\"https:\/\/www.facebook.com\/GermanElectronicMusic\" target=\"_blank\" rel=\"noopener\">FINAL SELECTION<\/a>, deren erstes Album <em>&#8218;AntiHero&#8216;<\/em> im Jahr 2003 erschien. Nat\u00fcrlich ist in den letzten 22 Jahren viel passiert. Aus dem Duo formte sich im Laufe der Zeit ein Quintett, bestehend aus S\u00e4nger Riccardo Schult-Nowotny,&nbsp;Mario Tews, Juri K\u00f6cher, Patrick Dorn an diversen Tasten und Keys und Drummer Falk Schilling.&nbsp;<\/p>\n<h3>Triggerwarnung<\/h3>\n<p>Die ge\u00f6ffnete Backstage-T\u00fcr neben der B\u00fchne wurde mittlerweile geschlossen, nun triggerte die Autorin nicht weiter der Blick auf die hell erleuchtete, wei\u00df geflieste Wand, die Erinnerungen an eine Metzgerei hervorrief. Dennoch passte auch beim zweiten Gig etwas nicht ganz ins Bild. Naja, Korinthen hat die Verfasserin bisher noch nicht hinterr\u00fccks hervorgebracht, aber die helle Blue Jeans von Patrick glich schon einem Dorn im Auge der Betrachterin. Oh, ein Wortspiel&#8230;&nbsp;<\/p>\n<p>Schwamm dr\u00fcber, wen interessieren schon Klamotten? Musikalisch gab es jedenfalls nichts &#8222;zu kacken&#8220;.&nbsp; Also, zur\u00fcck zum DARK MOOD POP FESTIVAL.<\/p>\n<div class=\"x78zum5 xdt5ytf xz62fqu x16ldp7u\">\n<div>&nbsp;<\/div>\n<div>&nbsp;<\/div>\n<\/div>\n<p><img data-recalc-dims=\"1\" loading=\"lazy\" decoding=\"async\" class=\"size-medium wp-image-11470 aligncenter\" src=\"https:\/\/i0.wp.com\/schwarze-welle.com\/wp-content\/uploads\/2025\/03\/Photo_1741531802060.jpg?resize=770%2C411&#038;ssl=1\" alt=\"\" width=\"770\" height=\"411\" srcset=\"https:\/\/i0.wp.com\/schwarze-welle.com\/wp-content\/uploads\/2025\/03\/Photo_1741531802060-scaled.jpg?resize=770%2C411&amp;ssl=1 770w, https:\/\/i0.wp.com\/schwarze-welle.com\/wp-content\/uploads\/2025\/03\/Photo_1741531802060-scaled.jpg?resize=1170%2C625&amp;ssl=1 1170w, https:\/\/i0.wp.com\/schwarze-welle.com\/wp-content\/uploads\/2025\/03\/Photo_1741531802060-scaled.jpg?resize=768%2C410&amp;ssl=1 768w, https:\/\/i0.wp.com\/schwarze-welle.com\/wp-content\/uploads\/2025\/03\/Photo_1741531802060-scaled.jpg?resize=1536%2C820&amp;ssl=1 1536w, https:\/\/i0.wp.com\/schwarze-welle.com\/wp-content\/uploads\/2025\/03\/Photo_1741531802060-scaled.jpg?resize=2048%2C1094&amp;ssl=1 2048w, https:\/\/i0.wp.com\/schwarze-welle.com\/wp-content\/uploads\/2025\/03\/Photo_1741531802060-scaled.jpg?w=2340&amp;ssl=1 2340w\" sizes=\"(max-width: 770px) 100vw, 770px\" \/><\/p>\n<p>&nbsp;<\/p>\n<p>Mit <em>&#8222;The River&#8220;<\/em>, vom 2023er Album <em>&#8218;Siren\u00b4s Call&#8216;<\/em> ging es auch direkt hinein ins Vergn\u00fcgen, bevor der Frontman die kleine Schar vor der B\u00fchne begr\u00fc\u00dfte. Und ja, es hatte was von Wohlf\u00fchlatmosph\u00e4re. Die Schwere von <em>&#8222;Gravity&#8220;<\/em> trug dazu noch ein wenig bei, w\u00e4hrend &#8222;Daybreak&#8220; einen kleinen Zauber von Nostalgie mitbrachte. Das St\u00fcck stammt vom Album <em>&#8218;Meridian&#8216;<\/em> aus dem Jahr 2005.&nbsp; F\u00fcr Interessierte, und um herauszufinden, ob ihr noch bei der Sache seid: In diesem Jahr wurde der Uhu <i>(Bubo bubo)<\/i>&nbsp;Vogel des Jahres (<a title=\"Naturschutzbund Deutschland\" href=\"https:\/\/de.wikipedia.org\/wiki\/Naturschutzbund_Deutschland\">NABU<\/a>\/Deutschland). \ud83d\udda4<\/p>\n<p>Auch Riccardo wies noch einmal darauf hin, wie wichtig es ist, die Bands mit dem Erwerb von Merch zu unterst\u00fctzen. Der Stand vor Ort sah auch sehr ansprechend aus und bot dem schwarzen Auge, das hier und da vom grellen Lichterspiel erblindete, ein vielf\u00e4ltiges Angebot zu absolut fairen Preisen.<\/p>\n<p>&nbsp;<\/p>\n<p><img data-recalc-dims=\"1\" loading=\"lazy\" decoding=\"async\" class=\"size-medium wp-image-11471 aligncenter\" src=\"https:\/\/i0.wp.com\/schwarze-welle.com\/wp-content\/uploads\/2025\/03\/Photo_1741531807320.jpg?resize=770%2C544&#038;ssl=1\" alt=\"\" width=\"770\" height=\"544\" srcset=\"https:\/\/i0.wp.com\/schwarze-welle.com\/wp-content\/uploads\/2025\/03\/Photo_1741531807320-scaled.jpg?resize=770%2C544&amp;ssl=1 770w, https:\/\/i0.wp.com\/schwarze-welle.com\/wp-content\/uploads\/2025\/03\/Photo_1741531807320-scaled.jpg?resize=1170%2C826&amp;ssl=1 1170w, https:\/\/i0.wp.com\/schwarze-welle.com\/wp-content\/uploads\/2025\/03\/Photo_1741531807320-scaled.jpg?resize=768%2C542&amp;ssl=1 768w, https:\/\/i0.wp.com\/schwarze-welle.com\/wp-content\/uploads\/2025\/03\/Photo_1741531807320-scaled.jpg?resize=1536%2C1085&amp;ssl=1 1536w, https:\/\/i0.wp.com\/schwarze-welle.com\/wp-content\/uploads\/2025\/03\/Photo_1741531807320-scaled.jpg?resize=2048%2C1446&amp;ssl=1 2048w, https:\/\/i0.wp.com\/schwarze-welle.com\/wp-content\/uploads\/2025\/03\/Photo_1741531807320-scaled.jpg?w=2340&amp;ssl=1 2340w\" sizes=\"(max-width: 770px) 100vw, 770px\" \/><\/p>\n<p>&nbsp;<\/p>\n<blockquote>\n<p style=\"text-align: center;\">Ich bin der, der einfach nicht wei\u00df, was wir spielen.<\/p>\n<\/blockquote>\n<p>&nbsp;<\/p>\n<h3>Plauderei aus dem N\u00e4hk\u00e4stchen<\/h3>\n<p>So plauderte der Frontmann fr\u00f6hlich aus dem N\u00e4hk\u00e4stchen und \u00fcberbr\u00fcckte die kurze Pause geschickt mit der Geschichte, die der n\u00e4chste Song bereits vor vielen Jahren beim &#8218;Battle Of The Bands&#8216; schrieb. <em>&#8222;Salvation&#8220;<\/em>.<br \/>\nMit <em>&#8222;You&#8220;<\/em> (BOYTRONIC) und <em>&#8222;Fade To Grey&#8220;<\/em> hatten FINAL SELECTION auf ihrer sprunghaften Reise durch alte und neue Zeiten auch zwei Cover im Gep\u00e4ck. Beide Songs wurden von den Umherstehenden bejubelt, wobei die Eigeninterpretation vom VISAGE Original besonders gern angenommen wurde. Ein Song, den man auch ohne gro\u00dfe Vorkenntnisse mittr\u00e4llern kann, darf und einfach m\u00f6chte.<\/p>\n<p>Nat\u00fcrlich war das nicht der angek\u00fcndigte letzte Song, die obligatorische Zugabe folgte sozusagen der <em>&#8222;Red Line&#8220;, <\/em>nachdem sich Drummer Falk noch eben neu verkabelte.<\/p>\n<p>&nbsp;<\/p>\n<blockquote>\n<p style=\"text-align: center;\">Vielen, vielen, vielen Dank. FINAL SECTION meine Damen und Herren.<\/p>\n<p style=\"text-align: center;\">Jetzt noch einen ganz wundervollen Abend mit den Jungs von<\/p>\n<p style=\"text-align: center;\">SEA OF SIN<\/p>\n<\/blockquote>\n<p>Eine souver\u00e4ne Anmoderation des S\u00e4ngers zum n\u00e4chsten Act, der nach einer kleinen Pause startete.<\/p>\n<h3>Setlist<\/h3>\n<p>01.The River<\/p>\n<p>02. Gravity<\/p>\n<p>03. Daybreak<\/p>\n<p>04. After the Rain<\/p>\n<p>05. Beyond my dreams<\/p>\n<p>06. Salvation<\/p>\n<p>07. You (Boytronic Cover)<\/p>\n<p>08. Divided we Fall<\/p>\n<p>09. Fade to grey (Visage Cover)<\/p>\n<p>10. Red line<\/p>\n<h3>Websites<\/h3>\n<div class=\"x78zum5 xdt5ytf xz62fqu x16ldp7u\">\n<div class=\"xu06os2 x1ok221b\"><span class=\"x193iq5w xeuugli x13faqbe x1vvkbs x1xmvt09 x1lliihq x1s928wv xhkezso x1gmr53x x1cpjm7i x1fgarty x1943h6x xudqn12 x3x7a5m x6prxxf xvq8zen xo1l8bm x1fey0fg x1yc453h\" dir=\"auto\"><a href=\"http:\/\/final-selection.de\" target=\"_blank\" rel=\"noopener\">http:\/\/final-selection.de<\/a><\/span><\/div>\n<div><a href=\"https:\/\/www.facebook.com\/GermanElectronicMusic\/\" target=\"_blank\" rel=\"noopener\">https:\/\/www.facebook.com\/GermanElectronicMusic\/<\/a>&nbsp;<\/div>\n<\/div>\n<div>&nbsp;<\/div>\n<div>&nbsp;<\/div>\n<h2>SEA OF SIN<\/h2>\n<p>Mit einer Tasse Kaffee bewaffnet ging es nun in die dritte Runde.<\/p>\n<blockquote>\n<p style=\"text-align: center;\">Sch\u00f6nen guten Abend Oberhausen!<\/p>\n<\/blockquote>\n<p>Dankesch\u00f6n Frank, dir auch!<br \/>\nGut gelaunt legte das Duo mit dem Opener <em>&#8222;Truth&#8220;<\/em> los. Allein die Technik hatte sich in der Pause entschieden, den beiden Musikern von SEA OF SIN den Spa\u00df zu verderben. W\u00e4hrend Klaus seine E-Gitarre ohne das E spielte und sich die ersten Schwei\u00dftropfen auf seiner Stirn bildeten, blieb Frontmann Zwicker cool. Das Handtuch zum Abtupfen sollte erst sp\u00e4ter zum Einsatz kommen. Zumindest funktionierte nun das Saiteninstrument wieder voll und ganz, um den zweiten Song <em>&#8222;Contamination&#8220; <\/em>zu performen.&nbsp;<\/p>\n<p>&nbsp;<\/p>\n<p><img data-recalc-dims=\"1\" loading=\"lazy\" decoding=\"async\" class=\"size-medium wp-image-11462 aligncenter\" src=\"https:\/\/i0.wp.com\/schwarze-welle.com\/wp-content\/uploads\/2025\/03\/DF2_9058.jpg?resize=513%2C770&#038;ssl=1\" alt=\"\" width=\"513\" height=\"770\" srcset=\"https:\/\/i0.wp.com\/schwarze-welle.com\/wp-content\/uploads\/2025\/03\/DF2_9058-scaled.jpg?resize=513%2C770&amp;ssl=1 513w, https:\/\/i0.wp.com\/schwarze-welle.com\/wp-content\/uploads\/2025\/03\/DF2_9058-scaled.jpg?resize=780%2C1170&amp;ssl=1 780w, https:\/\/i0.wp.com\/schwarze-welle.com\/wp-content\/uploads\/2025\/03\/DF2_9058-scaled.jpg?resize=768%2C1152&amp;ssl=1 768w, https:\/\/i0.wp.com\/schwarze-welle.com\/wp-content\/uploads\/2025\/03\/DF2_9058-scaled.jpg?resize=1024%2C1536&amp;ssl=1 1024w, https:\/\/i0.wp.com\/schwarze-welle.com\/wp-content\/uploads\/2025\/03\/DF2_9058-scaled.jpg?resize=1365%2C2048&amp;ssl=1 1365w, https:\/\/i0.wp.com\/schwarze-welle.com\/wp-content\/uploads\/2025\/03\/DF2_9058-scaled.jpg?w=1707&amp;ssl=1 1707w\" sizes=\"(max-width: 513px) 100vw, 513px\" \/><\/p>\n<p>&nbsp;<\/p>\n<h3>Technik, die begeistert&#8230;<\/h3>\n<p>Den Kaffee in der Hand und mit den F\u00fc\u00dfen wippend verfolgten die neugierigen Augen, was da vorne auf der B\u00fchne passierte. Zwischendurch fragte man sich, ob der Frontmann sich wohl h\u00f6ren k\u00f6nnte, denn irgendetwas konnte da nicht stimmen. Die Antwort darauf folgte auch quasi auf dem Fu\u00dfe und lautete: Nein.<\/p>\n<p>Doch auch wenn die liebe Technik ihren eigenen Regeln folgte &#8211; mal laut, mal leise oder einfach mal gar nicht &#8211; lie\u00df sich das Duett nicht auf diese Machtspielchen ein und arbeitete mit dem, was zur Verf\u00fcgung stand. Das waren unter anderem die Zuschauer und Fans, die SEA OF SIN dankbar unterst\u00fctzten &#8211; und ein Handtuch.&nbsp;<\/p>\n<p>&nbsp;<\/p>\n<p><img data-recalc-dims=\"1\" loading=\"lazy\" decoding=\"async\" class=\"size-medium wp-image-11463 aligncenter\" src=\"https:\/\/i0.wp.com\/schwarze-welle.com\/wp-content\/uploads\/2025\/03\/DF2_9074.jpg?resize=513%2C770&#038;ssl=1\" alt=\"\" width=\"513\" height=\"770\" srcset=\"https:\/\/i0.wp.com\/schwarze-welle.com\/wp-content\/uploads\/2025\/03\/DF2_9074-scaled.jpg?resize=513%2C770&amp;ssl=1 513w, https:\/\/i0.wp.com\/schwarze-welle.com\/wp-content\/uploads\/2025\/03\/DF2_9074-scaled.jpg?resize=780%2C1170&amp;ssl=1 780w, https:\/\/i0.wp.com\/schwarze-welle.com\/wp-content\/uploads\/2025\/03\/DF2_9074-scaled.jpg?resize=768%2C1152&amp;ssl=1 768w, https:\/\/i0.wp.com\/schwarze-welle.com\/wp-content\/uploads\/2025\/03\/DF2_9074-scaled.jpg?resize=1024%2C1536&amp;ssl=1 1024w, https:\/\/i0.wp.com\/schwarze-welle.com\/wp-content\/uploads\/2025\/03\/DF2_9074-scaled.jpg?resize=1365%2C2048&amp;ssl=1 1365w, https:\/\/i0.wp.com\/schwarze-welle.com\/wp-content\/uploads\/2025\/03\/DF2_9074-scaled.jpg?w=1707&amp;ssl=1 1707w\" sizes=\"(max-width: 513px) 100vw, 513px\" \/><\/p>\n<p>&nbsp;<\/p>\n<h3>Hier werden Gef\u00fchle getanzt<\/h3>\n<p>Die <em>&#8222;Unspoken Words&#8220;<\/em> sorgten f\u00fcr and\u00e4chtige Stimmung. W\u00e4hrend sich ein P\u00e4rchen im hinteren Bereich z\u00e4rtlich aneinander schmiegte, konnte man ein junges, punkiges Paar in front of stage beobachten, das ihre Zuneigung durch einen gemeinsamen, unbeschwerten Tanz zum Ausdruck brachte. Sch\u00f6n anzusehen war es, denn hier wurden echte Gef\u00fchle getanzt. Also los, es gab keine Zeit zu verlieren: <em>&#8222;What Are You Waiting For?&#8220; <\/em><br \/>\nEine wunderbare Nummer, die das feine Zusammenspiel von Gesang und Gitarre in perfekter Harmonie in die wohlwollenden Ohren transportierte. Insgesamt funktionierte die Nord-S\u00fcd Achse also wunderbar, trotz der ein oder anderen technischen Baustelle auf dem Weg.<\/p>\n<p>\u00dcbrigens: 2024 feierten Frank (Vocals, Lyrics) und Klaus (Synths, Gitarre, Produktion) bereits ihr 30-j\u00e4hriges Bandjubil\u00e4um, zu dem wir nachtr\u00e4glich und von Herzen gratulieren.<\/p>\n<p>&nbsp;<\/p>\n<p><img data-recalc-dims=\"1\" loading=\"lazy\" decoding=\"async\" class=\"size-medium wp-image-11464 aligncenter\" src=\"https:\/\/i0.wp.com\/schwarze-welle.com\/wp-content\/uploads\/2025\/03\/DF2_9264-2.jpg?resize=513%2C770&#038;ssl=1\" alt=\"\" width=\"513\" height=\"770\" srcset=\"https:\/\/i0.wp.com\/schwarze-welle.com\/wp-content\/uploads\/2025\/03\/DF2_9264-2-scaled.jpg?resize=513%2C770&amp;ssl=1 513w, https:\/\/i0.wp.com\/schwarze-welle.com\/wp-content\/uploads\/2025\/03\/DF2_9264-2-scaled.jpg?resize=780%2C1170&amp;ssl=1 780w, https:\/\/i0.wp.com\/schwarze-welle.com\/wp-content\/uploads\/2025\/03\/DF2_9264-2-scaled.jpg?resize=768%2C1152&amp;ssl=1 768w, https:\/\/i0.wp.com\/schwarze-welle.com\/wp-content\/uploads\/2025\/03\/DF2_9264-2-scaled.jpg?resize=1024%2C1536&amp;ssl=1 1024w, https:\/\/i0.wp.com\/schwarze-welle.com\/wp-content\/uploads\/2025\/03\/DF2_9264-2-scaled.jpg?resize=1365%2C2048&amp;ssl=1 1365w, https:\/\/i0.wp.com\/schwarze-welle.com\/wp-content\/uploads\/2025\/03\/DF2_9264-2-scaled.jpg?w=1707&amp;ssl=1 1707w\" sizes=\"(max-width: 513px) 100vw, 513px\" \/><\/p>\n<p>&nbsp;<\/p>\n<p>Auch diese beiden sympathischen Musikanten und Veranstalter dieses DARK MOOD POP FFESTIVAL, haben sich nicht lumpen lassen und ganz \u00fcberraschend eine Zugabe vorbereitet&#8230;<\/p>\n<h3>Setlist<\/h3>\n<p>01. Truth<\/p>\n<p>02. Contamination<\/p>\n<p>03. Synchronize<\/p>\n<p>04. Floating Away<\/p>\n<p>05. High And Low<\/p>\n<p>06. I Live My Life<\/p>\n<p>07. Love Won&#8217;t Wait<\/p>\n<p>08. Turn Back Time<\/p>\n<p>09. Unspoken Words<\/p>\n<p>10. What Are You Waiting For?<\/p>\n<p>11. Beyond Sadness<\/p>\n<p>12. Valentine<\/p>\n<h3>Websites<\/h3>\n<div class=\"x78zum5 xdt5ytf xz62fqu x16ldp7u\">\n<div class=\"xu06os2 x1ok221b\"><a href=\"http:\/\/seaofsin1.bandcamp.com\" target=\"_blank\" rel=\"noopener\"><span class=\"x193iq5w xeuugli x13faqbe x1vvkbs x1xmvt09 x1lliihq x1s928wv xhkezso x1gmr53x x1cpjm7i x1fgarty x1943h6x xudqn12 x3x7a5m x6prxxf xvq8zen xo1l8bm x1fey0fg x1yc453h\" dir=\"auto\">seaofsin-official.com<\/span><\/a><\/div>\n<div><a href=\"http:\/\/seaofsin1.bandcamp.com\" target=\"_blank\" rel=\"noopener\">seaofsin1.bandcamp.com<\/a><\/div>\n<div><a href=\"https:\/\/www.facebook.com\/seaofsinGER\" target=\"_blank\" rel=\"noopener\">https:\/\/www.facebook.com\/seaofsinGER<\/a>&nbsp;<\/div>\n<\/div>\n<div>&nbsp;<\/div>\n<div>&nbsp;<\/div>\n<div>\n<h2>Aftershowparty<\/h2>\n<p>W\u00e4hrend die K\u00fcnstler ihr Hab und Gut verstauten, durfte auf der &#8222;Party danach&#8220; getanzt werden. <a href=\"https:\/\/www.facebook.com\/profile.php?id=100067569392627\" target=\"_blank\" rel=\"noopener\">DJANE BANDIDA<\/a> heizte hier ordentlich an und versetzte die noch verbliebenen K\u00f6rper in Bewegung. Den Geschmack der Redaktion hat sie mit ihrer Musikauswahl absolut getroffen und wir freuen uns schon sehr auf ihr 11-J\u00e4hriges im <a href=\"https:\/\/www.facebook.com\/kultubemg\/?locale=de_DE\" target=\"_blank\" rel=\"noopener\">Kultube<\/a> M\u00f6nchengladbach. Mehr zur Veranstaltung findet ihr <a href=\"https:\/\/www.facebook.com\/events\/593876516742594\/?acontext=%7B%22event_action_history%22%3A[%7B%22mechanism%22%3A%22discovery_local_tab%22%2C%22surface%22%3A%22bookmark%22%7D]%2C%22ref_notif_type%22%3Anull%7D\" target=\"_blank\" rel=\"noopener\">hier<\/a> und demn\u00e4chst nat\u00fcrlich auch bei Radio Schwarze Welle.<\/p>\n<p>&nbsp;<\/p>\n<\/div>\n<p><img data-recalc-dims=\"1\" loading=\"lazy\" decoding=\"async\" class=\"size-medium wp-image-11503 aligncenter\" src=\"https:\/\/i0.wp.com\/schwarze-welle.com\/wp-content\/uploads\/2025\/03\/480867120_1140709381178941_4867602994821640264_n.jpg?resize=770%2C289&#038;ssl=1\" alt=\"\" width=\"770\" height=\"289\" srcset=\"https:\/\/i0.wp.com\/schwarze-welle.com\/wp-content\/uploads\/2025\/03\/480867120_1140709381178941_4867602994821640264_n.jpg?resize=770%2C289&amp;ssl=1 770w, https:\/\/i0.wp.com\/schwarze-welle.com\/wp-content\/uploads\/2025\/03\/480867120_1140709381178941_4867602994821640264_n.jpg?resize=1170%2C439&amp;ssl=1 1170w, https:\/\/i0.wp.com\/schwarze-welle.com\/wp-content\/uploads\/2025\/03\/480867120_1140709381178941_4867602994821640264_n.jpg?resize=768%2C288&amp;ssl=1 768w, https:\/\/i0.wp.com\/schwarze-welle.com\/wp-content\/uploads\/2025\/03\/480867120_1140709381178941_4867602994821640264_n.jpg?resize=1536%2C576&amp;ssl=1 1536w, https:\/\/i0.wp.com\/schwarze-welle.com\/wp-content\/uploads\/2025\/03\/480867120_1140709381178941_4867602994821640264_n.jpg?w=1600&amp;ssl=1 1600w\" sizes=\"(max-width: 770px) 100vw, 770px\" \/><\/p>\n<div class=\"x78zum5 xdt5ytf xz62fqu x16ldp7u\">\n<div>&nbsp;<\/div>\n<h2>Dankesch\u00f6n&nbsp;<\/h2>\n<\/div>\n<div>Dankesch\u00f6n an SEA OF SIN, ROTOSKOP, FINAL SELECTION, DJANE BANDIDA und dem Druckluft-Team f\u00fcr den atmosph\u00e4rischen und famili\u00e4ren Abend.<\/div>\n<div>Ein weiters Dankesch\u00f6n geht raus an: <a href=\"https:\/\/www.facebook.com\/dominique.schmitt.7\" target=\"_blank\" rel=\"noopener\">Dominique Schmitt<\/a> und &#8222;Foto-Deb\u00fctant&#8220; <a href=\"https:\/\/schwarze-welle.com\/?members=dany-wedel\" target=\"_blank\" rel=\"noopener\">Dany Wedel<\/a> f\u00fcr die Bilder vom DARK MOOD POP FESTIVAL.<\/div>\n<h2>Noch ein paar kritische Worte&#8230;<\/h2>\n<p>Wir haben es doch alle noch im Ohr, oder habt ihr es schon vergessen?<\/p>\n<blockquote>\n<p style=\"text-align: center;\">Ohne Kunst und Kultur wird es still.<\/p>\n<\/blockquote>\n<p>Noch vor wenigen Jahren war dieser Satz auf nahezu jedem Profil zu lesen, die ganze Szene sprach von nichts anderem mehr. Vielleicht w\u00e4re es an der Zeit, mal dar\u00fcber nachzudenken, was diese Worte denn wirklich bedeuten. F\u00fcr K\u00fcnstler und Bands, nicht f\u00fcr euch, die ihr eine Zeit lang gelangweilt die Wochenenden zuhause verbringen musstet.&nbsp;<br \/>\nEs scheint, mit \u00d6ffnung der gro\u00dfen Hallen und dem Besuch von gro\u00df angelegten Konzerten ist euer S\u00e4ttigungsgef\u00fchl bereits erreicht. Kleinere Bands und deren Events werden kaum noch besucht, obwohl sie g\u00fcnstiger sind und oftmals mehr zu bieten haben. Was h\u00e4ttet ihr euch in Covid-Zeiten die Finger nach einem Event, wie dem DARK MOOD POP FESTIVAL geleckt?<\/p>\n<p>Leute, bitte unterst\u00fctzt eure K\u00fcnstler in der Szene. Und zwar nicht nur die dicksten Fische. Denkt gerne mal dar\u00fcber nach, wie ein so wichtiges Statement zu einer Floskel verkommen konnte. Danke.<\/p>\n<h2>In eigener Sache<\/h2>\n<p><span style=\"font-size: large;\">Liebe Freunde der dunklen Kl\u00e4nge,<\/span><\/p>\n<p><span style=\"font-size: large;\">Wir suchen passionierte und engagierte Menschen, die ihre Liebe zur Gothic-Musik und -Kultur teilen und unser nicht-kommerzielles Gothic Online Radio bereichern m\u00f6chten. M\u00f6chtest du ein Teil unseres Teams werden? Wir bieten dir einige M\u00f6glichkeiten, dich einzubringen.<\/span><\/p>\n<div style=\"width: 1080px;\" class=\"wp-video\"><video class=\"wp-video-shortcode\" id=\"video-11456-1\" width=\"1080\" height=\"1080\" preload=\"metadata\" controls=\"controls\"><source type=\"video\/mp4\" src=\"https:\/\/schwarze-welle.com\/wp-content\/uploads\/2024\/08\/02.08.2024-MP4-Verstaerke-unser-Team.mp4?_=1\" \/><a href=\"https:\/\/schwarze-welle.com\/wp-content\/uploads\/2024\/08\/02.08.2024-MP4-Verstaerke-unser-Team.mp4\">https:\/\/schwarze-welle.com\/wp-content\/uploads\/2024\/08\/02.08.2024-MP4-Verstaerke-unser-Team.mp4<\/a><\/video><\/div>\n<p>&nbsp;<\/p>\n<p><span style=\"font-size: large;\">Weitere Konzertberichte, Bandvorstellungen, Reviews,&nbsp; News, Events, redaktionelle Inhalte und unseren Stream findet ihr nat\u00fcrlich auf unserer <a href=\"https:\/\/schwarze-welle.com\/\" target=\"_blank\" rel=\"noopener\">Homepage<\/a>. Auf <a href=\"https:\/\/www.facebook.com\/RadioSchwarzeWelle\/\" target=\"_blank\" rel=\"noopener\">Facebook<\/a> und <a href=\"https:\/\/www.instagram.com\/radioschwarzewelle\" target=\"_blank\" rel=\"noopener\">Instagram<\/a>&nbsp;versorgen wir euch mit aktuellen Beitr\u00e4gen und Infos zu unseren t\u00e4glichen Sendungen.<\/span><\/p>\n<p><span style=\"font-size: large;\"><span style=\"color: #000000;\">Teile uns mit, f\u00fcr welche Position du dich interessierst, und warum du dich f\u00fcr unser Gothic Online Radio engagieren m\u00f6chtest. Gemeinsam k\u00f6nnen wir die dunkle Seite der Musik feiern und eine lebendige Community aufbauen! Worauf wartest du? Mach mit!<\/span> <\/span><\/p>\n<h4 class=\"western\"><span style=\"color: #800000;\"><a style=\"color: #800000;\" href=\"mailto:bewerbung@schwarze-welle.com\" target=\"_blank\" rel=\"noopener\">bewerbung@schwarze-welle.com<\/a><\/span><\/h4>\n","protected":false},"excerpt":{"rendered":"<p>DARK MOOD POP FESTIVAL Herrliches Wetter sorgte am 08. M\u00e4rz f\u00fcr entspannte Gem\u00fcter, die sich am Abend im Druckluft Oberhausen versammelten, um die dritte und somit auch die letzte Auflage des DARK MOOD POP FESTIVAL zu genie\u00dfen. Kurz nach 20 Uhr begr\u00fc\u00dfte SEA OF SIN Frontmann Frank Zwicker die angereisten ...<\/p>\n","protected":false},"author":5,"featured_media":11508,"comment_status":"closed","ping_status":"closed","sticky":false,"template":"","format":"standard","meta":{"_acf_changed":false,"ngg_post_thumbnail":0,"_jetpack_memberships_contains_paid_content":false,"footnotes":""},"categories":[20,17],"tags":[2801,2802,2828,1904,2803,114,2841,2369,1278,2840],"class_list":["post-11456","post","type-post","status-publish","format-standard","has-post-thumbnail","hentry","category-konzert-reviews","category-news","tag-dark-mood-pop-festival","tag-djane-bandida","tag-ein-paar-kritische-worte","tag-final-section","tag-jugend-und-kulturzentrum-druckluft-e-v","tag-oberhausen","tag-ohne-kunst-und-kultur-wird-es-still","tag-rotoskop","tag-sea-of-sin","tag-wohlfuehlatmosphaere"],"acf":[],"jetpack_featured_media_url":"https:\/\/i0.wp.com\/schwarze-welle.com\/wp-content\/uploads\/2025\/03\/480789082_1211170691014035_753665547316867309_n.jpg?fit=2048%2C2048&ssl=1","jetpack_sharing_enabled":true,"_links":{"self":[{"href":"https:\/\/schwarze-welle.com\/index.php?rest_route=\/wp\/v2\/posts\/11456","targetHints":{"allow":["GET"]}}],"collection":[{"href":"https:\/\/schwarze-welle.com\/index.php?rest_route=\/wp\/v2\/posts"}],"about":[{"href":"https:\/\/schwarze-welle.com\/index.php?rest_route=\/wp\/v2\/types\/post"}],"author":[{"embeddable":true,"href":"https:\/\/schwarze-welle.com\/index.php?rest_route=\/wp\/v2\/users\/5"}],"replies":[{"embeddable":true,"href":"https:\/\/schwarze-welle.com\/index.php?rest_route=%2Fwp%2Fv2%2Fcomments&post=11456"}],"version-history":[{"count":34,"href":"https:\/\/schwarze-welle.com\/index.php?rest_route=\/wp\/v2\/posts\/11456\/revisions"}],"predecessor-version":[{"id":11511,"href":"https:\/\/schwarze-welle.com\/index.php?rest_route=\/wp\/v2\/posts\/11456\/revisions\/11511"}],"wp:featuredmedia":[{"embeddable":true,"href":"https:\/\/schwarze-welle.com\/index.php?rest_route=\/wp\/v2\/media\/11508"}],"wp:attachment":[{"href":"https:\/\/schwarze-welle.com\/index.php?rest_route=%2Fwp%2Fv2%2Fmedia&parent=11456"}],"wp:term":[{"taxonomy":"category","embeddable":true,"href":"https:\/\/schwarze-welle.com\/index.php?rest_route=%2Fwp%2Fv2%2Fcategories&post=11456"},{"taxonomy":"post_tag","embeddable":true,"href":"https:\/\/schwarze-welle.com\/index.php?rest_route=%2Fwp%2Fv2%2Ftags&post=11456"}],"curies":[{"name":"wp","href":"https:\/\/api.w.org\/{rel}","templated":true}]}}