{"id":11422,"date":"2025-02-14T13:26:24","date_gmt":"2025-02-14T12:26:24","guid":{"rendered":"https:\/\/schwarze-welle.com\/?p=11422"},"modified":"2025-02-14T13:28:47","modified_gmt":"2025-02-14T12:28:47","slug":"koenig-aeh-ahoi-reporter-fuer-einen-tag-kommt-mit-und-fuer-versus-auf-die-welleerdball-konzerte","status":"publish","type":"post","link":"https:\/\/schwarze-welle.com\/?p=11422","title":{"rendered":"K\u00f6nig -\u00e4h- Ahoi- Reporter f\u00fcr einen Tag: Kommt mit und f\u00fcr VERSUS auf die WELLE:ERDBALL Konzerte"},"content":{"rendered":"<p>Ahoi! Pop!<br \/>\nSo beginnen Sie, die klassischen Unterhaltungen. Zumindest im nur flackernd beleuchteten Oberst\u00fcbchen des Autors, der hier gerade euren Bildschirm vollkritzelt. Aber nat\u00fcrlich eignen sich auch die absonderlichsten Wortspiele und Geschichten, um \u00fcberhaupt erst einmal eure Aufmerksamkeit zu bekommen.<br \/>\nJetzt, wo uns dieses gelungen ist, k\u00f6nnen wir sofort zum Punkt kommen: Wir suchen immer noch f\u00fcr und mit der Band <a href=\"https:\/\/www.facebook.com\/versus.ahoipop\" target=\"_blank\" rel=\"noopener\"><strong>VERSUS<\/strong><\/a> Ahoi- Reporter. Wir berichteten <a href=\"https:\/\/schwarze-welle.com\/?p=11355\" target=\"_blank\" rel=\"noopener\">hier<\/a> bereits \u00fcber die Tour von <a href=\"https:\/\/www.facebook.com\/WelleErdball\" target=\"_blank\" rel=\"noopener\"><strong>WELLE:ERDBALL<\/strong><\/a>, bei der VERSUS f\u00fcr euch die Hallentemperatur auf ein kuscheliges Niveau heben werden. Und hier die M\u00f6hre, mit der wir euch locken: Freier Eintritt zum Konzert und viel Spa\u00df mit der Band.<\/p>\n<p>&nbsp;<\/p>\n<p><iframe hcb-fetch-image-from=\"https:\/\/youtu.be\/ebqhbEZ_Ouo?feature=shared\" title=\"Ger\u00fcchte aufgetaucht. Wei\u00df Andr\u00e9 etwa gar nichts von einer gemeinsamen Tour mit Welle:Erdball?\" width=\"1170\" height=\"658\" src=\"https:\/\/www.youtube.com\/embed\/ebqhbEZ_Ouo?feature=oembed\" frameborder=\"0\" allow=\"accelerometer; autoplay; clipboard-write; encrypted-media; gyroscope; picture-in-picture; web-share\" referrerpolicy=\"strict-origin-when-cross-origin\" allowfullscreen><\/iframe><\/p>\n<p>&nbsp;<\/p>\n<h4>Ahoi- Reporter<\/h4>\n<p>Seid schnell, denn bereits beim Konzert in Hameln am 21. Februar habt ihr die M\u00f6glichkeit zur Teilnahme an der Aktion.<br \/>\nIhr m\u00fcsst euch gar nicht so sehr anstrengen, um Ahoi- Reporter zu werden. Genau genommen reicht es, wenn ihr eine Mail an <span style=\"color: #3366ff;\"><em>dany-wedel[at]schwarze-welle.com<\/em><\/span> bzw. <span style=\"color: #3366ff;\"><em>info[at]versus-music.de<\/em><\/span> schickt, uns oder die Band Versus per Facebook Messenger anschreibt. Mit etwas Gl\u00fcck seid ihr dabei und d\u00fcrft einen einzigartigen Tag genie\u00dfen, wie euch ANDR\u00c9 STEINIGEN, Mastermind der Formation VERSUS, bei der &#8222;Stellenanzeige&#8220; zum Ahoi- Reporter erkl\u00e4rt.<\/p>\n<p>&nbsp;<\/p>\n<p><iframe hcb-fetch-image-from=\"https:\/\/youtu.be\/Qv-e5RWpw58?feature=shared\" title=\"VERSUS |\u00a0AHOI REPORTER GESUCHT (Welle:Erball-Tour 2025) ... Kompletter Clip\" width=\"1170\" height=\"658\" src=\"https:\/\/www.youtube.com\/embed\/Qv-e5RWpw58?feature=oembed\" frameborder=\"0\" allow=\"accelerometer; autoplay; clipboard-write; encrypted-media; gyroscope; picture-in-picture; web-share\" referrerpolicy=\"strict-origin-when-cross-origin\" allowfullscreen><\/iframe><\/p>\n<p>&nbsp;<\/p>\n<p>Worauf wartet ihr? Das ist eure Schanktse, es denen da oben (also uns), die so viel mit solchen Reportagen verdienen (sagenhafte 0,00 in jeder materiellen W\u00e4hrung) so richtig zu zeigen.<br \/>\nSeid ihr so albern wie der Verfasser dieses kleinen Reminders, oder eher hoch seri\u00f6s?<br \/>\nWollt ihr der Welt dringend etwas zeigen, oder nur das Minimum an Gegenwert liefern, welches f\u00fcr eine kostenlose Teilnahme an einem grandiosen Konzert vorausgesetzt wird?<br \/>\nFast alles ist erlaubt, tobt euch aus. Denn Ahoi- Reporter zu sein, ist in erster Linie ein gro\u00dfer Spa\u00df und ein Angebot der Band Versus.<br \/>\nUnd, pssst: Vielleicht findet ihr ja generell Gefallen an so etwas, dann lie\u00dfe sich da sicher aus was draus machen (Infos am Ende des Beitrages).<\/p>\n<p>Also, keine M\u00fcdigkeit vorsch\u00fctzen, ran an den Speck und als Ahoi- Reporter den Ahoi- Pop in die weite Welt tragen.<\/p>\n<p>&nbsp;<\/p>\n<p><iframe hcb-fetch-image-from=\"https:\/\/youtu.be\/KMR9ngzxlec?feature=shared\" title=\"welle: erdball - Das Experiment\u00b2 +Tournee-Trailer VERSUS 2025\" width=\"1170\" height=\"658\" src=\"https:\/\/www.youtube.com\/embed\/KMR9ngzxlec?feature=oembed\" frameborder=\"0\" allow=\"accelerometer; autoplay; clipboard-write; encrypted-media; gyroscope; picture-in-picture; web-share\" referrerpolicy=\"strict-origin-when-cross-origin\" allowfullscreen><\/iframe><\/p>\n<p>&nbsp;<\/p>\n<h4>Hier noch mal alle noch folgenden Termine und die Ticket- Links:<\/h4>\n<p>WELLE:ERDBALL \u2013 Das Experiment\u00b2 Tour 2025<\/p>\n<p>14.02.25&nbsp;&nbsp;&nbsp;&nbsp;&nbsp;&nbsp;&nbsp;&nbsp;&nbsp;&nbsp;&nbsp;&nbsp;&nbsp; Dresden&nbsp;&nbsp;&nbsp;&nbsp;&nbsp;&nbsp;&nbsp;&nbsp;&nbsp;&nbsp;&nbsp;&nbsp;&nbsp;&nbsp; &nbsp;&nbsp;&nbsp;&nbsp;&nbsp;&nbsp;&nbsp;&nbsp;&nbsp;&nbsp;&nbsp;&nbsp;&nbsp;&nbsp; Reithalle<br \/>\n15.02.25&nbsp;&nbsp;&nbsp;&nbsp;&nbsp;&nbsp;&nbsp;&nbsp;&nbsp;&nbsp;&nbsp;&nbsp;&nbsp; Schwerin&nbsp;&nbsp;&nbsp;&nbsp;&nbsp;&nbsp;&nbsp;&nbsp;&nbsp;&nbsp;&nbsp;&nbsp; &nbsp;&nbsp;&nbsp;&nbsp;&nbsp;&nbsp;&nbsp;&nbsp;&nbsp;&nbsp;&nbsp;&nbsp;&nbsp;&nbsp; Club Zenit<br \/>\n21.02.25&nbsp;&nbsp;&nbsp;&nbsp;&nbsp;&nbsp;&nbsp;&nbsp;&nbsp;&nbsp;&nbsp;&nbsp;&nbsp; Hameln&nbsp;&nbsp;&nbsp;&nbsp;&nbsp;&nbsp;&nbsp;&nbsp;&nbsp;&nbsp;&nbsp;&nbsp;&nbsp;&nbsp;&nbsp; &nbsp;&nbsp;&nbsp;&nbsp;&nbsp;&nbsp;&nbsp;&nbsp;&nbsp;&nbsp;&nbsp;&nbsp;&nbsp;&nbsp; Sumpfblume<br \/>\n22.02.25&nbsp;&nbsp;&nbsp;&nbsp;&nbsp;&nbsp;&nbsp;&nbsp;&nbsp;&nbsp;&nbsp;&nbsp;&nbsp; Coesfeld&nbsp;&nbsp;&nbsp;&nbsp;&nbsp;&nbsp;&nbsp;&nbsp;&nbsp;&nbsp;&nbsp;&nbsp;&nbsp; &nbsp;&nbsp;&nbsp;&nbsp;&nbsp;&nbsp;&nbsp;&nbsp;&nbsp;&nbsp;&nbsp;&nbsp;&nbsp;&nbsp; Fabrik<br \/>\n28.02.25&nbsp;&nbsp;&nbsp;&nbsp;&nbsp;&nbsp;&nbsp;&nbsp;&nbsp;&nbsp;&nbsp;&nbsp;&nbsp; Erfurt&nbsp;&nbsp;&nbsp;&nbsp;&nbsp;&nbsp;&nbsp;&nbsp;&nbsp;&nbsp;&nbsp;&nbsp;&nbsp;&nbsp;&nbsp;&nbsp;&nbsp;&nbsp; &nbsp;&nbsp;&nbsp;&nbsp;&nbsp;&nbsp;&nbsp;&nbsp;&nbsp;&nbsp;&nbsp;&nbsp;&nbsp;&nbsp; Club From Hell&nbsp;&nbsp; [Ausverkauft!]<br \/>\n01.03.25&nbsp;&nbsp;&nbsp;&nbsp;&nbsp;&nbsp;&nbsp;&nbsp;&nbsp;&nbsp;&nbsp;&nbsp;&nbsp; Mannheim&nbsp;&nbsp;&nbsp;&nbsp;&nbsp;&nbsp;&nbsp;&nbsp;&nbsp; &nbsp;&nbsp;&nbsp;&nbsp;&nbsp;&nbsp;&nbsp;&nbsp;&nbsp;&nbsp;&nbsp;&nbsp;&nbsp;&nbsp; MS Connexion Complex<br \/>\n07.03.25&nbsp;&nbsp;&nbsp;&nbsp;&nbsp;&nbsp;&nbsp;&nbsp;&nbsp;&nbsp;&nbsp;&nbsp;&nbsp; Berlin&nbsp;&nbsp;&nbsp;&nbsp;&nbsp;&nbsp;&nbsp;&nbsp;&nbsp;&nbsp;&nbsp;&nbsp;&nbsp;&nbsp;&nbsp;&nbsp;&nbsp;&nbsp; &nbsp;&nbsp;&nbsp;&nbsp;&nbsp;&nbsp;&nbsp;&nbsp;&nbsp;&nbsp;&nbsp;&nbsp;&nbsp;&nbsp; Columbia Theater<br \/>\n08.03.25&nbsp;&nbsp;&nbsp;&nbsp;&nbsp;&nbsp;&nbsp;&nbsp;&nbsp;&nbsp;&nbsp;&nbsp;&nbsp; Hamburg&nbsp;&nbsp;&nbsp;&nbsp;&nbsp;&nbsp;&nbsp;&nbsp;&nbsp;&nbsp;&nbsp;&nbsp; &nbsp;&nbsp;&nbsp;&nbsp;&nbsp;&nbsp;&nbsp;&nbsp;&nbsp;&nbsp;&nbsp;&nbsp;&nbsp;&nbsp; Markthalle<br \/>\n14.03.25&nbsp;&nbsp;&nbsp;&nbsp;&nbsp;&nbsp;&nbsp;&nbsp;&nbsp;&nbsp;&nbsp;&nbsp;&nbsp; Oberhausen&nbsp;&nbsp;&nbsp;&nbsp;&nbsp;&nbsp;&nbsp; &nbsp;&nbsp;&nbsp;&nbsp;&nbsp;&nbsp;&nbsp;&nbsp;&nbsp;&nbsp;&nbsp;&nbsp;&nbsp;&nbsp; Kulttempel<br \/>\n15.03.25&nbsp;&nbsp;&nbsp;&nbsp;&nbsp;&nbsp;&nbsp;&nbsp;&nbsp;&nbsp;&nbsp;&nbsp;&nbsp; Magdeburg&nbsp;&nbsp;&nbsp;&nbsp;&nbsp;&nbsp;&nbsp;&nbsp; &nbsp;&nbsp;&nbsp;&nbsp;&nbsp;&nbsp;&nbsp;&nbsp;&nbsp;&nbsp;&nbsp;&nbsp;&nbsp;&nbsp; Factory<br \/>\n21.03.25&nbsp;&nbsp;&nbsp;&nbsp;&nbsp;&nbsp;&nbsp;&nbsp;&nbsp;&nbsp;&nbsp;&nbsp;&nbsp; N\u00fcrnberg&nbsp;&nbsp;&nbsp;&nbsp;&nbsp;&nbsp;&nbsp;&nbsp;&nbsp;&nbsp;&nbsp;&nbsp; &nbsp;&nbsp;&nbsp;&nbsp;&nbsp;&nbsp;&nbsp;&nbsp;&nbsp;&nbsp;&nbsp;&nbsp;&nbsp;&nbsp; Hirsch<br \/>\n22.03.25&nbsp;&nbsp;&nbsp;&nbsp;&nbsp;&nbsp;&nbsp;&nbsp;&nbsp;&nbsp;&nbsp;&nbsp;&nbsp; Lindau\/ Bodensee&nbsp;&nbsp;&nbsp;&nbsp;&nbsp;&nbsp;&nbsp;&nbsp;&nbsp;&nbsp; Club Vaudeville<br \/>\n23.03.25&nbsp;&nbsp;&nbsp;&nbsp;&nbsp;&nbsp;&nbsp;&nbsp;&nbsp;&nbsp;&nbsp;&nbsp;&nbsp; M\u00fcnchen&nbsp;&nbsp;&nbsp;&nbsp;&nbsp;&nbsp;&nbsp;&nbsp;&nbsp;&nbsp;&nbsp;&nbsp;&nbsp;&nbsp;&nbsp;&nbsp;&nbsp;&nbsp;&nbsp;&nbsp;&nbsp;&nbsp;&nbsp;&nbsp;&nbsp;&nbsp; Backstage Halle<br \/>\n28.03.25&nbsp;&nbsp;&nbsp;&nbsp;&nbsp;&nbsp;&nbsp;&nbsp;&nbsp;&nbsp;&nbsp;&nbsp;&nbsp; Frankfurt\/ Oder&nbsp;&nbsp;&nbsp;&nbsp;&nbsp;&nbsp;&nbsp;&nbsp;&nbsp;&nbsp;&nbsp;&nbsp;&nbsp;&nbsp; Kamea Club<br \/>\n29.03.25&nbsp;&nbsp;&nbsp;&nbsp;&nbsp;&nbsp;&nbsp;&nbsp;&nbsp;&nbsp;&nbsp;&nbsp;&nbsp; Glauchau&nbsp;&nbsp;&nbsp;&nbsp;&nbsp;&nbsp;&nbsp;&nbsp;&nbsp;&nbsp;&nbsp;&nbsp;&nbsp;&nbsp;&nbsp;&nbsp;&nbsp;&nbsp;&nbsp;&nbsp;&nbsp;&nbsp;&nbsp;&nbsp;&nbsp;&nbsp; Alte Spinnerei<\/p>\n<p>Tickets f\u00fcr die \u201eDas Experiment\u00b2 Tour 2025\u201c \u00fcber den&nbsp;<a href=\"https:\/\/www.eislandshop.de\/de\/welleerdball-tickets\/\" target=\"_blank\" rel=\"noopener\">Eisland Shop<\/a>&nbsp;oder&nbsp;<a href=\"https:\/\/www.eventim.de\/artist\/welle-erdball\/\" target=\"_blank\" rel=\"noopener\">Eventim<\/a>.<\/p>\n<p>Ganz nah dran am Geschehen rund um WELLE:ERDBALL bleibt ihr auf&nbsp;<a href=\"https:\/\/www.facebook.com\/WelleErdball\" target=\"_blank\" rel=\"noopener\">Facebook<\/a>&nbsp;und im&nbsp;<a href=\"https:\/\/www.welle-erdball.info\/\" target=\"_blank\" rel=\"noopener\">Web<\/a>.<br \/>\nAuch VERSUS k\u00f6nnt ihr auf deren&nbsp;<a href=\"https:\/\/www.versus-music.de\/drei\" target=\"_blank\" rel=\"noopener\">Website<\/a>&nbsp;und nat\u00fcrlich auf&nbsp;<a href=\"https:\/\/www.facebook.com\/versus.ahoipop\" target=\"_blank\" rel=\"noopener\">Facebook<\/a>&nbsp;tiefer ergr\u00fcnden.<br \/>\nAm allervieln\u00e4chstersten dran seid ihr allerdings als Ahoi- Reporter, quasi mittendrin statt nur dabei!<\/p>\n<p>Unseren Stream und viele weitere redaktionelle Inhalte bekommt ihr auf unserer&nbsp;<a href=\"https:\/\/schwarze-welle.com\/\" target=\"_blank\" rel=\"noopener\">Website<\/a>, aktuelle Artikel und mehr auf unserer&nbsp;<a href=\"https:\/\/www.facebook.com\/RadioSchwarzeWelle\" target=\"_blank\" rel=\"noopener\">Facebook<\/a>&nbsp;Pr\u00e4senz.<\/p>\n<p>&nbsp;<\/p>\n<p>&nbsp;<\/p>\n<p><img data-recalc-dims=\"1\" fetchpriority=\"high\" decoding=\"async\" class=\"aligncenter size-large wp-image-11423\" src=\"https:\/\/i0.wp.com\/schwarze-welle.com\/wp-content\/uploads\/2025\/02\/ahoi-reporter-banner-versus.jpg?resize=1170%2C445&#038;ssl=1\" alt=\"Das Banner der Band VERSUS sucht nach dem AHOI- REPORTER und zeigt alle Termine der Tour mit WELLE:ERDBALL\" width=\"1170\" height=\"445\" srcset=\"https:\/\/i0.wp.com\/schwarze-welle.com\/wp-content\/uploads\/2025\/02\/ahoi-reporter-banner-versus.jpg?resize=1170%2C445&amp;ssl=1 1170w, https:\/\/i0.wp.com\/schwarze-welle.com\/wp-content\/uploads\/2025\/02\/ahoi-reporter-banner-versus.jpg?resize=770%2C293&amp;ssl=1 770w, https:\/\/i0.wp.com\/schwarze-welle.com\/wp-content\/uploads\/2025\/02\/ahoi-reporter-banner-versus.jpg?resize=768%2C292&amp;ssl=1 768w, https:\/\/i0.wp.com\/schwarze-welle.com\/wp-content\/uploads\/2025\/02\/ahoi-reporter-banner-versus.jpg?resize=1536%2C584&amp;ssl=1 1536w, https:\/\/i0.wp.com\/schwarze-welle.com\/wp-content\/uploads\/2025\/02\/ahoi-reporter-banner-versus.jpg?w=1656&amp;ssl=1 1656w\" sizes=\"(max-width: 1170px) 100vw, 1170px\" \/><\/p>\n<p>&nbsp;<\/p>\n<h4><strong>In eigener Sache<\/strong><\/h4>\n<p>Liebe Freunde der dunklen Kl\u00e4nge,<\/p>\n<p>Wir suchen passionierte und engagierte Menschen, die ihre Liebe zur Gothic-Musik und -Kultur teilen und unser nicht-kommerzielles Gothic Online Radio bereichern m\u00f6chten. M\u00f6chtest du ein Teil unseres Teams werden? Wir bieten dir einige M\u00f6glichkeiten, dich einzubringen.<\/p>\n<p><img decoding=\"async\" class=\"proradio-ajax-loaded aligncenter wp-image-10111 size-medium\" src=\"https:\/\/i0.wp.com\/schwarze-welle.com\/wp-content\/uploads\/2024\/05\/Join-our-Team-II.png?resize=544%2C770&amp;ssl=1\" sizes=\"(max-width: 544px) 100vw, 544px\" srcset=\"https:\/\/i0.wp.com\/schwarze-welle.com\/wp-content\/uploads\/2024\/05\/Join-our-Team-II.png?resize=544%2C770&amp;ssl=1 544w, https:\/\/i0.wp.com\/schwarze-welle.com\/wp-content\/uploads\/2024\/05\/Join-our-Team-II.png?resize=827%2C1170&amp;ssl=1 827w, https:\/\/i0.wp.com\/schwarze-welle.com\/wp-content\/uploads\/2024\/05\/Join-our-Team-II.png?resize=768%2C1086&amp;ssl=1 768w, https:\/\/i0.wp.com\/schwarze-welle.com\/wp-content\/uploads\/2024\/05\/Join-our-Team-II.png?resize=1086%2C1536&amp;ssl=1 1086w, https:\/\/i0.wp.com\/schwarze-welle.com\/wp-content\/uploads\/2024\/05\/Join-our-Team-II.png?resize=1448%2C2048&amp;ssl=1 1448w, https:\/\/i0.wp.com\/schwarze-welle.com\/wp-content\/uploads\/2024\/05\/Join-our-Team-II.png?w=1587&amp;ssl=1 1587w\" alt=\"Eigenwerbung RSW: Wir suchen Mitarbeiter in der Online- Redaktion des Radiosenders der dunklen Szene\" width=\"544\" height=\"770\" data-recalc-dims=\"1\"><\/p>\n<p>&nbsp;<\/p>\n<h4 class=\"western\">&nbsp;<\/h4>\n<p>Teile uns mit, f\u00fcr welche Position du dich interessierst, und warum du dich f\u00fcr unser Gothic Online Radio engagieren m\u00f6chtest. Gemeinsam k\u00f6nnen wir die dunkle Seite der Musik feiern und eine lebendige Community aufbauen! Worauf wartest du? Mach mit!<\/p>\n<h4 class=\"western\"><a href=\"mailto:bewerbung@schwarze-welle.com\" target=\"_blank\" rel=\"noopener\">bewerbung@schwarze-welle.com<\/a><\/h4>\n","protected":false},"excerpt":{"rendered":"<p>Ahoi! Pop! So beginnen Sie, die klassischen Unterhaltungen. Zumindest im nur flackernd beleuchteten Oberst\u00fcbchen des Autors, der hier gerade euren Bildschirm vollkritzelt. Aber nat\u00fcrlich eignen sich auch die absonderlichsten Wortspiele und Geschichten, um \u00fcberhaupt erst einmal eure Aufmerksamkeit zu bekommen. Jetzt, wo uns dieses gelungen ist, k\u00f6nnen wir sofort zum ...<\/p>\n","protected":false},"author":15,"featured_media":11423,"comment_status":"closed","ping_status":"closed","sticky":false,"template":"","format":"standard","meta":{"_acf_changed":false,"ngg_post_thumbnail":0,"_jetpack_memberships_contains_paid_content":false,"footnotes":""},"categories":[20,17],"tags":[1917,2814,2815,2791,2819,2816,2822,2821,2823,2818,1332,2817,87,2820],"class_list":["post-11422","post","type-post","status-publish","format-standard","has-post-thumbnail","hentry","category-konzert-reviews","category-news","tag-ahoi-pop","tag-ahoi-reporter","tag-be-a-part-of-versus-for-just-one-day","tag-das-experiment-tour-2025","tag-das-ist-ein-riesiger-spass","tag-dein-auftritt","tag-ein-industrial-frog-on-tour","tag-geruechte-von-froeschen-machen-die-runde","tag-kollegah","tag-mach-mit-machs-nach-machs-besser","tag-versus","tag-von-moehren-und-wortspielen","tag-welleerdball","tag-wir-sehen-uns"],"acf":[],"jetpack_featured_media_url":"https:\/\/i0.wp.com\/schwarze-welle.com\/wp-content\/uploads\/2025\/02\/ahoi-reporter-banner-versus.jpg?fit=1656%2C630&ssl=1","jetpack_sharing_enabled":true,"_links":{"self":[{"href":"https:\/\/schwarze-welle.com\/index.php?rest_route=\/wp\/v2\/posts\/11422","targetHints":{"allow":["GET"]}}],"collection":[{"href":"https:\/\/schwarze-welle.com\/index.php?rest_route=\/wp\/v2\/posts"}],"about":[{"href":"https:\/\/schwarze-welle.com\/index.php?rest_route=\/wp\/v2\/types\/post"}],"author":[{"embeddable":true,"href":"https:\/\/schwarze-welle.com\/index.php?rest_route=\/wp\/v2\/users\/15"}],"replies":[{"embeddable":true,"href":"https:\/\/schwarze-welle.com\/index.php?rest_route=%2Fwp%2Fv2%2Fcomments&post=11422"}],"version-history":[{"count":4,"href":"https:\/\/schwarze-welle.com\/index.php?rest_route=\/wp\/v2\/posts\/11422\/revisions"}],"predecessor-version":[{"id":11444,"href":"https:\/\/schwarze-welle.com\/index.php?rest_route=\/wp\/v2\/posts\/11422\/revisions\/11444"}],"wp:featuredmedia":[{"embeddable":true,"href":"https:\/\/schwarze-welle.com\/index.php?rest_route=\/wp\/v2\/media\/11423"}],"wp:attachment":[{"href":"https:\/\/schwarze-welle.com\/index.php?rest_route=%2Fwp%2Fv2%2Fmedia&parent=11422"}],"wp:term":[{"taxonomy":"category","embeddable":true,"href":"https:\/\/schwarze-welle.com\/index.php?rest_route=%2Fwp%2Fv2%2Fcategories&post=11422"},{"taxonomy":"post_tag","embeddable":true,"href":"https:\/\/schwarze-welle.com\/index.php?rest_route=%2Fwp%2Fv2%2Ftags&post=11422"}],"curies":[{"name":"wp","href":"https:\/\/api.w.org\/{rel}","templated":true}]}}