{"id":10497,"date":"2024-09-27T22:21:48","date_gmt":"2024-09-27T20:21:48","guid":{"rendered":"https:\/\/schwarze-welle.com\/?p=10497"},"modified":"2024-09-28T12:01:46","modified_gmt":"2024-09-28T10:01:46","slug":"1000-feuer-festival-electric-stage","status":"publish","type":"post","link":"https:\/\/schwarze-welle.com\/?p=10497","title":{"rendered":"1000 FEUER FESTIVAL \u2013 Electric Stage"},"content":{"rendered":"<p><img data-recalc-dims=\"1\" fetchpriority=\"high\" decoding=\"async\" class=\"size-medium wp-image-10498 aligncenter\" src=\"https:\/\/i0.wp.com\/schwarze-welle.com\/wp-content\/uploads\/2024\/09\/plakat-1000ff-lufterhalle-q.jpg?resize=770%2C463&#038;ssl=1\" alt=\"\" width=\"770\" height=\"463\" srcset=\"https:\/\/i0.wp.com\/schwarze-welle.com\/wp-content\/uploads\/2024\/09\/plakat-1000ff-lufterhalle-q.jpg?resize=770%2C463&amp;ssl=1 770w, https:\/\/i0.wp.com\/schwarze-welle.com\/wp-content\/uploads\/2024\/09\/plakat-1000ff-lufterhalle-q.jpg?resize=1170%2C704&amp;ssl=1 1170w, https:\/\/i0.wp.com\/schwarze-welle.com\/wp-content\/uploads\/2024\/09\/plakat-1000ff-lufterhalle-q.jpg?resize=768%2C462&amp;ssl=1 768w, https:\/\/i0.wp.com\/schwarze-welle.com\/wp-content\/uploads\/2024\/09\/plakat-1000ff-lufterhalle-q.jpg?resize=1536%2C924&amp;ssl=1 1536w, https:\/\/i0.wp.com\/schwarze-welle.com\/wp-content\/uploads\/2024\/09\/plakat-1000ff-lufterhalle-q.jpg?resize=2048%2C1232&amp;ssl=1 2048w\" sizes=\"(max-width: 770px) 100vw, 770px\" \/><\/p>\n<p>\u201eWas h\u00e4lst du vom <a href=\"https:\/\/www.facebook.com\/1000feuerfestival\" target=\"_blank\" rel=\"noopener\">1000 FEUER FESTIVAL<\/a>?\u201c \u201eJop. Lass machen.\u201c<\/p>\n<h3>21. September, <a href=\"https:\/\/www.facebook.com\/WohnzimmerGE\" target=\"_blank\" rel=\"noopener\">Wohnzimmer GE<\/a><\/h3>\n<p>Ziemlich unkompliziert gestaltete sich die Planung des vergangenen Wochenendes, die sich noch dazu perfekt umsetzen lie\u00df. Die Schwarze Welle war also mal wieder unterwegs&#8230;<\/p>\n<p>Als stolz bekennende Ruhrpottlerin und Liebhaberin der Industriekultur, erzeugte das Bild eines 1000 FEUER FESTIVALS eine wahrlich romantische Vorfreude in der Autorin. Geh\u00f6rt hatte sie bereits von dem Event, das sich nun bereits in der f\u00fcnften Auflage pr\u00e4sentierte und demnach war es auch h\u00f6chste Zeit, sich Festival und Location einmal genauer anzusehen.<\/p>\n<h2>Im Herzen des Ruhrgebiets<\/h2>\n<p>Naja gut, die feurige Zeit mag schon ein Weilchen her sein, denn im Herzen des Ruhrgebiets sind die Flammen der einstigen Industriemetropole gr\u00f6\u00dftenteils erloschen, doch finden sich noch einige Relikte der vergangenen Zeit und der gegenw\u00e4rtigen Kultur. Locations, wie z.B. das Wohnzimmer GE geben der vielf\u00e4ltigen Kunst,- und Musikszene eine wundervolle B\u00fchne und lassen die Besucher in famili\u00e4rer Nostalgie schwelgen.<\/p>\n<h2><strong>VEL\u00dcR<\/strong><\/h2>\n<p>Die Abendsonne schien noch hell durch die gro\u00dfen Fenster der L\u00fcfterhalle, als das Ukrainische Synth-Wave-Duo <a href=\"https:\/\/www.facebook.com\/velurmusic\" target=\"_blank\" rel=\"noopener\">VEL\u00dcR<\/a> das 1000 FEUER FESTIVAL auf der Electric Stage er\u00f6ffnete.<\/p>\n<p><img data-recalc-dims=\"1\" decoding=\"async\" class=\"size-medium wp-image-10516 aligncenter\" src=\"https:\/\/i0.wp.com\/schwarze-welle.com\/wp-content\/uploads\/2024\/09\/JL22292.jpg?resize=770%2C514&#038;ssl=1\" alt=\"\" width=\"770\" height=\"514\" srcset=\"https:\/\/i0.wp.com\/schwarze-welle.com\/wp-content\/uploads\/2024\/09\/JL22292.jpg?resize=770%2C514&amp;ssl=1 770w, https:\/\/i0.wp.com\/schwarze-welle.com\/wp-content\/uploads\/2024\/09\/JL22292.jpg?resize=1170%2C781&amp;ssl=1 1170w, https:\/\/i0.wp.com\/schwarze-welle.com\/wp-content\/uploads\/2024\/09\/JL22292.jpg?resize=768%2C513&amp;ssl=1 768w, https:\/\/i0.wp.com\/schwarze-welle.com\/wp-content\/uploads\/2024\/09\/JL22292.jpg?resize=1536%2C1025&amp;ssl=1 1536w, https:\/\/i0.wp.com\/schwarze-welle.com\/wp-content\/uploads\/2024\/09\/JL22292.jpg?w=2000&amp;ssl=1 2000w\" sizes=\"(max-width: 770px) 100vw, 770px\" \/> \u00a0\u00a0<img data-recalc-dims=\"1\" decoding=\"async\" class=\"size-medium wp-image-10519 aligncenter\" src=\"https:\/\/i0.wp.com\/schwarze-welle.com\/wp-content\/uploads\/2024\/09\/JL22319.jpg?resize=770%2C514&#038;ssl=1\" alt=\"\" width=\"770\" height=\"514\" srcset=\"https:\/\/i0.wp.com\/schwarze-welle.com\/wp-content\/uploads\/2024\/09\/JL22319.jpg?resize=770%2C514&amp;ssl=1 770w, https:\/\/i0.wp.com\/schwarze-welle.com\/wp-content\/uploads\/2024\/09\/JL22319.jpg?resize=1170%2C781&amp;ssl=1 1170w, https:\/\/i0.wp.com\/schwarze-welle.com\/wp-content\/uploads\/2024\/09\/JL22319.jpg?resize=768%2C513&amp;ssl=1 768w, https:\/\/i0.wp.com\/schwarze-welle.com\/wp-content\/uploads\/2024\/09\/JL22319.jpg?resize=1536%2C1025&amp;ssl=1 1536w, https:\/\/i0.wp.com\/schwarze-welle.com\/wp-content\/uploads\/2024\/09\/JL22319.jpg?w=2000&amp;ssl=1 2000w\" sizes=\"(max-width: 770px) 100vw, 770px\" \/><\/p>\n<p>Mindestens genauso strahlend, wie der Sonnenschein, durchdrang die Aura von S\u00e4ngerin und Songwriterin Valeri und Multiinstrumentalist Alex den Raum. Sie umwob das Publikum, das sich gerne den nostalgischen Kl\u00e4ngen der 80er Jahren hingab.<\/p>\n<p><img data-recalc-dims=\"1\" loading=\"lazy\" decoding=\"async\" class=\"size-medium wp-image-10515 aligncenter\" src=\"https:\/\/i0.wp.com\/schwarze-welle.com\/wp-content\/uploads\/2024\/09\/JL10187.jpg?resize=514%2C770&#038;ssl=1\" alt=\"\" width=\"514\" height=\"770\" srcset=\"https:\/\/i0.wp.com\/schwarze-welle.com\/wp-content\/uploads\/2024\/09\/JL10187.jpg?resize=514%2C770&amp;ssl=1 514w, https:\/\/i0.wp.com\/schwarze-welle.com\/wp-content\/uploads\/2024\/09\/JL10187.jpg?resize=781%2C1170&amp;ssl=1 781w, https:\/\/i0.wp.com\/schwarze-welle.com\/wp-content\/uploads\/2024\/09\/JL10187.jpg?resize=768%2C1151&amp;ssl=1 768w, https:\/\/i0.wp.com\/schwarze-welle.com\/wp-content\/uploads\/2024\/09\/JL10187.jpg?resize=1025%2C1536&amp;ssl=1 1025w, https:\/\/i0.wp.com\/schwarze-welle.com\/wp-content\/uploads\/2024\/09\/JL10187.jpg?w=1335&amp;ssl=1 1335w\" sizes=\"(max-width: 514px) 100vw, 514px\" \/><\/p>\n<p><img data-recalc-dims=\"1\" loading=\"lazy\" decoding=\"async\" class=\"size-medium wp-image-10518 aligncenter\" src=\"https:\/\/i0.wp.com\/schwarze-welle.com\/wp-content\/uploads\/2024\/09\/JL22309.jpg?resize=514%2C770&#038;ssl=1\" alt=\"\" width=\"514\" height=\"770\" srcset=\"https:\/\/i0.wp.com\/schwarze-welle.com\/wp-content\/uploads\/2024\/09\/JL22309.jpg?resize=514%2C770&amp;ssl=1 514w, https:\/\/i0.wp.com\/schwarze-welle.com\/wp-content\/uploads\/2024\/09\/JL22309.jpg?resize=781%2C1170&amp;ssl=1 781w, https:\/\/i0.wp.com\/schwarze-welle.com\/wp-content\/uploads\/2024\/09\/JL22309.jpg?resize=768%2C1151&amp;ssl=1 768w, https:\/\/i0.wp.com\/schwarze-welle.com\/wp-content\/uploads\/2024\/09\/JL22309.jpg?resize=1025%2C1536&amp;ssl=1 1025w, https:\/\/i0.wp.com\/schwarze-welle.com\/wp-content\/uploads\/2024\/09\/JL22309.jpg?w=1335&amp;ssl=1 1335w\" sizes=\"(max-width: 514px) 100vw, 514px\" \/><\/p>\n<p>Doch auch moderne Synth-T\u00f6ne lie\u00dfen die beiden in D\u00fcsseldorf ans\u00e4ssigen K\u00fcnstler mit dem blonden Haar nicht missen. Nicht zuletzt verantwortlich daf\u00fcr zeichnete sich Alex, der seiner Doppelhalsgitarre markant melodische Riffs entlockte, die wiederum der S\u00e4ngerin einen tiefen Rahmen f\u00fcr Stimme und Lyrics boten.<\/p>\n<p><img data-recalc-dims=\"1\" loading=\"lazy\" decoding=\"async\" class=\"size-medium wp-image-10517 aligncenter\" src=\"https:\/\/i0.wp.com\/schwarze-welle.com\/wp-content\/uploads\/2024\/09\/JL22295.jpg?resize=770%2C514&#038;ssl=1\" alt=\"\" width=\"770\" height=\"514\" srcset=\"https:\/\/i0.wp.com\/schwarze-welle.com\/wp-content\/uploads\/2024\/09\/JL22295.jpg?resize=770%2C514&amp;ssl=1 770w, https:\/\/i0.wp.com\/schwarze-welle.com\/wp-content\/uploads\/2024\/09\/JL22295.jpg?resize=1170%2C781&amp;ssl=1 1170w, https:\/\/i0.wp.com\/schwarze-welle.com\/wp-content\/uploads\/2024\/09\/JL22295.jpg?resize=768%2C513&amp;ssl=1 768w, https:\/\/i0.wp.com\/schwarze-welle.com\/wp-content\/uploads\/2024\/09\/JL22295.jpg?resize=1536%2C1025&amp;ssl=1 1536w, https:\/\/i0.wp.com\/schwarze-welle.com\/wp-content\/uploads\/2024\/09\/JL22295.jpg?w=2000&amp;ssl=1 2000w\" sizes=\"(max-width: 770px) 100vw, 770px\" \/><\/p>\n<p>Insgesamt sorgten VEL\u00dcR f\u00fcr einen entspannten Einstieg in das Festival-Geschehen.<\/p>\n<p><iframe hcb-fetch-image-from=\"https:\/\/youtu.be\/zyc226hIJ00\" title=\"VEL\u00dcR - Mon Amour (Official Video)\" width=\"1170\" height=\"658\" src=\"https:\/\/www.youtube.com\/embed\/zyc226hIJ00?feature=oembed\" frameborder=\"0\" allow=\"accelerometer; autoplay; clipboard-write; encrypted-media; gyroscope; picture-in-picture; web-share\" referrerpolicy=\"strict-origin-when-cross-origin\" allowfullscreen><\/iframe><\/p>\n<h2><strong>UNPLACES<\/strong><\/h2>\n<p>Nach einer kleinen Umbaupause und einem biblischen Missverst\u00e4ndnis an der bezaubernden kleinen Theke mit der noch bezaubernden Mitarbeiterin dahinter, ging es weiter im Programm.<\/p>\n<p><img data-recalc-dims=\"1\" loading=\"lazy\" decoding=\"async\" class=\"size-medium wp-image-10524 aligncenter\" src=\"https:\/\/i0.wp.com\/schwarze-welle.com\/wp-content\/uploads\/2024\/09\/JL22501.jpg?resize=514%2C770&#038;ssl=1\" alt=\"\" width=\"514\" height=\"770\" srcset=\"https:\/\/i0.wp.com\/schwarze-welle.com\/wp-content\/uploads\/2024\/09\/JL22501.jpg?resize=514%2C770&amp;ssl=1 514w, https:\/\/i0.wp.com\/schwarze-welle.com\/wp-content\/uploads\/2024\/09\/JL22501.jpg?resize=781%2C1170&amp;ssl=1 781w, https:\/\/i0.wp.com\/schwarze-welle.com\/wp-content\/uploads\/2024\/09\/JL22501.jpg?resize=768%2C1151&amp;ssl=1 768w, https:\/\/i0.wp.com\/schwarze-welle.com\/wp-content\/uploads\/2024\/09\/JL22501.jpg?resize=1025%2C1536&amp;ssl=1 1025w, https:\/\/i0.wp.com\/schwarze-welle.com\/wp-content\/uploads\/2024\/09\/JL22501.jpg?w=1335&amp;ssl=1 1335w\" sizes=\"(max-width: 514px) 100vw, 514px\" \/><\/p>\n<p><a href=\"https:\/\/www.facebook.com\/Unplaces\" target=\"_blank\" rel=\"noopener\">UNPLACES<\/a> waren auf der B\u00fchne recht wohl platziert und lie\u00dfen ihren ganz eigenen Charme spielen.<\/p>\n<p><img data-recalc-dims=\"1\" loading=\"lazy\" decoding=\"async\" class=\"size-medium wp-image-10525 aligncenter\" src=\"https:\/\/i0.wp.com\/schwarze-welle.com\/wp-content\/uploads\/2024\/09\/JL22622.jpg?resize=770%2C514&#038;ssl=1\" alt=\"\" width=\"770\" height=\"514\" srcset=\"https:\/\/i0.wp.com\/schwarze-welle.com\/wp-content\/uploads\/2024\/09\/JL22622.jpg?resize=770%2C514&amp;ssl=1 770w, https:\/\/i0.wp.com\/schwarze-welle.com\/wp-content\/uploads\/2024\/09\/JL22622.jpg?resize=1170%2C781&amp;ssl=1 1170w, https:\/\/i0.wp.com\/schwarze-welle.com\/wp-content\/uploads\/2024\/09\/JL22622.jpg?resize=768%2C513&amp;ssl=1 768w, https:\/\/i0.wp.com\/schwarze-welle.com\/wp-content\/uploads\/2024\/09\/JL22622.jpg?resize=1536%2C1025&amp;ssl=1 1536w, https:\/\/i0.wp.com\/schwarze-welle.com\/wp-content\/uploads\/2024\/09\/JL22622.jpg?w=2000&amp;ssl=1 2000w\" sizes=\"(max-width: 770px) 100vw, 770px\" \/><\/p>\n<p><img data-recalc-dims=\"1\" loading=\"lazy\" decoding=\"async\" class=\"size-medium wp-image-10522 aligncenter\" src=\"https:\/\/i0.wp.com\/schwarze-welle.com\/wp-content\/uploads\/2024\/09\/JL22400.jpg?resize=770%2C514&#038;ssl=1\" alt=\"\" width=\"770\" height=\"514\" srcset=\"https:\/\/i0.wp.com\/schwarze-welle.com\/wp-content\/uploads\/2024\/09\/JL22400.jpg?resize=770%2C514&amp;ssl=1 770w, https:\/\/i0.wp.com\/schwarze-welle.com\/wp-content\/uploads\/2024\/09\/JL22400.jpg?resize=1170%2C781&amp;ssl=1 1170w, https:\/\/i0.wp.com\/schwarze-welle.com\/wp-content\/uploads\/2024\/09\/JL22400.jpg?resize=768%2C513&amp;ssl=1 768w, https:\/\/i0.wp.com\/schwarze-welle.com\/wp-content\/uploads\/2024\/09\/JL22400.jpg?resize=1536%2C1025&amp;ssl=1 1536w, https:\/\/i0.wp.com\/schwarze-welle.com\/wp-content\/uploads\/2024\/09\/JL22400.jpg?w=2000&amp;ssl=1 2000w\" sizes=\"(max-width: 770px) 100vw, 770px\" \/><\/p>\n<p>Der Klang-Mix aus Indie, Synth und Rock besch\u00e4ftigte beim Lauschen emsig die Neuronen im Hirn, denen tats\u00e4chlich keine Wahl blieb, als sich einfach neu zu bilden. Bedeutet: Die Band passt in keine vorgefertigte Schublade, hier hat man es mit alternativer und mitunter hypnotisierender Ma\u00dfarbeit zu tun.<\/p>\n<p><img data-recalc-dims=\"1\" loading=\"lazy\" decoding=\"async\" class=\"size-medium wp-image-10523 aligncenter\" src=\"https:\/\/i0.wp.com\/schwarze-welle.com\/wp-content\/uploads\/2024\/09\/JL22463.jpg?resize=770%2C514&#038;ssl=1\" alt=\"\" width=\"770\" height=\"514\" srcset=\"https:\/\/i0.wp.com\/schwarze-welle.com\/wp-content\/uploads\/2024\/09\/JL22463.jpg?resize=770%2C514&amp;ssl=1 770w, https:\/\/i0.wp.com\/schwarze-welle.com\/wp-content\/uploads\/2024\/09\/JL22463.jpg?resize=1170%2C781&amp;ssl=1 1170w, https:\/\/i0.wp.com\/schwarze-welle.com\/wp-content\/uploads\/2024\/09\/JL22463.jpg?resize=768%2C513&amp;ssl=1 768w, https:\/\/i0.wp.com\/schwarze-welle.com\/wp-content\/uploads\/2024\/09\/JL22463.jpg?resize=1536%2C1025&amp;ssl=1 1536w, https:\/\/i0.wp.com\/schwarze-welle.com\/wp-content\/uploads\/2024\/09\/JL22463.jpg?w=2000&amp;ssl=1 2000w\" sizes=\"(max-width: 770px) 100vw, 770px\" \/><\/p>\n<p>Dem Publikum gefiel die dargebotene Leidenschaft sehr und so dankte es mit zuckenden F\u00fc\u00dfen und wohlgesinntem Applaus.<\/p>\n<p><img data-recalc-dims=\"1\" loading=\"lazy\" decoding=\"async\" class=\"size-medium wp-image-10521 aligncenter\" src=\"https:\/\/i0.wp.com\/schwarze-welle.com\/wp-content\/uploads\/2024\/09\/JL10327.jpg?resize=770%2C514&#038;ssl=1\" alt=\"\" width=\"770\" height=\"514\" srcset=\"https:\/\/i0.wp.com\/schwarze-welle.com\/wp-content\/uploads\/2024\/09\/JL10327.jpg?resize=770%2C514&amp;ssl=1 770w, https:\/\/i0.wp.com\/schwarze-welle.com\/wp-content\/uploads\/2024\/09\/JL10327.jpg?resize=1170%2C781&amp;ssl=1 1170w, https:\/\/i0.wp.com\/schwarze-welle.com\/wp-content\/uploads\/2024\/09\/JL10327.jpg?resize=768%2C513&amp;ssl=1 768w, https:\/\/i0.wp.com\/schwarze-welle.com\/wp-content\/uploads\/2024\/09\/JL10327.jpg?resize=1536%2C1025&amp;ssl=1 1536w, https:\/\/i0.wp.com\/schwarze-welle.com\/wp-content\/uploads\/2024\/09\/JL10327.jpg?w=2000&amp;ssl=1 2000w\" sizes=\"(max-width: 770px) 100vw, 770px\" \/><\/p>\n<p><iframe hcb-fetch-image-from=\"https:\/\/youtu.be\/0MqCYIl25Rk\" title=\"Unplaces - &quot;Changes&quot; (Official Music Video)\" width=\"1170\" height=\"658\" src=\"https:\/\/www.youtube.com\/embed\/0MqCYIl25Rk?feature=oembed\" frameborder=\"0\" allow=\"accelerometer; autoplay; clipboard-write; encrypted-media; gyroscope; picture-in-picture; web-share\" referrerpolicy=\"strict-origin-when-cross-origin\" allowfullscreen><\/iframe><\/p>\n<h3><strong>Plauderei im Kerzenschein<\/strong><\/h3>\n<p>Die anstehende Pause wurde in sp\u00e4tsommerlicher Atmosph\u00e4re im liebevoll gestalten Innenhofs genossen. Hier brannten zwar keine 1000 Feuer, doch im Schein einiger Kerzen und Lichterketten lie\u00df es sich entspannt im Kreise der Bekannten und K\u00fcnstler plaudern. Mit Ank\u00fcndigung der n\u00e4chsten Band str\u00f6mten jedoch jegliche Genie\u00dfer und Plaudertaschen zur\u00fcck in die L\u00fcfterhalle. Die Performance von <a href=\"https:\/\/www.facebook.com\/RelateBand\" target=\"_blank\" rel=\"noopener\">RELATE<\/a>, Gr\u00fcnder und Gastgeber des Events, sollte schlie\u00dflich keinesfalls vers\u00e4umt werden.<\/p>\n<h2><strong>RELATE<\/strong><\/h2>\n<p>Es dauerte nicht lang, bis Patrick, Lisa, Mike und Luke den prall gef\u00fcllten Saal zum Kochen brachten. Genauer betrachtet, k\u00f6nnte man wohl auch von einem emotional dynamischen Sauna-Aufguss sprechen, denn die L\u00fcfterhalle verwandelte sich im Laufe des Konzerts in eine wahre Schwitzstube, in der man die Luft h\u00e4tte schneiden k\u00f6nnen. Egal. Das Quartett lieferte ein Wechselbad der Gef\u00fchle.<\/p>\n<p><img data-recalc-dims=\"1\" loading=\"lazy\" decoding=\"async\" class=\"size-medium wp-image-10510 aligncenter\" src=\"https:\/\/i0.wp.com\/schwarze-welle.com\/wp-content\/uploads\/2024\/09\/JL22771.jpg?resize=770%2C514&#038;ssl=1\" alt=\"\" width=\"770\" height=\"514\" srcset=\"https:\/\/i0.wp.com\/schwarze-welle.com\/wp-content\/uploads\/2024\/09\/JL22771.jpg?resize=770%2C514&amp;ssl=1 770w, https:\/\/i0.wp.com\/schwarze-welle.com\/wp-content\/uploads\/2024\/09\/JL22771.jpg?resize=1170%2C781&amp;ssl=1 1170w, https:\/\/i0.wp.com\/schwarze-welle.com\/wp-content\/uploads\/2024\/09\/JL22771.jpg?resize=768%2C513&amp;ssl=1 768w, https:\/\/i0.wp.com\/schwarze-welle.com\/wp-content\/uploads\/2024\/09\/JL22771.jpg?resize=1536%2C1025&amp;ssl=1 1536w, https:\/\/i0.wp.com\/schwarze-welle.com\/wp-content\/uploads\/2024\/09\/JL22771.jpg?w=2000&amp;ssl=1 2000w\" sizes=\"(max-width: 770px) 100vw, 770px\" \/><\/p>\n<p><img data-recalc-dims=\"1\" loading=\"lazy\" decoding=\"async\" class=\"size-medium wp-image-10509 aligncenter\" src=\"https:\/\/i0.wp.com\/schwarze-welle.com\/wp-content\/uploads\/2024\/09\/JL22715.jpg?resize=770%2C514&#038;ssl=1\" alt=\"\" width=\"770\" height=\"514\" srcset=\"https:\/\/i0.wp.com\/schwarze-welle.com\/wp-content\/uploads\/2024\/09\/JL22715.jpg?resize=770%2C514&amp;ssl=1 770w, https:\/\/i0.wp.com\/schwarze-welle.com\/wp-content\/uploads\/2024\/09\/JL22715.jpg?resize=1170%2C781&amp;ssl=1 1170w, https:\/\/i0.wp.com\/schwarze-welle.com\/wp-content\/uploads\/2024\/09\/JL22715.jpg?resize=768%2C513&amp;ssl=1 768w, https:\/\/i0.wp.com\/schwarze-welle.com\/wp-content\/uploads\/2024\/09\/JL22715.jpg?resize=1536%2C1025&amp;ssl=1 1536w, https:\/\/i0.wp.com\/schwarze-welle.com\/wp-content\/uploads\/2024\/09\/JL22715.jpg?w=2000&amp;ssl=1 2000w\" sizes=\"(max-width: 770px) 100vw, 770px\" \/><\/p>\n<p>Gewohnt leidenschaftlich und voller Spielfreude zeigte sich Frontmann Patrick Krahe, der die Menge voll im Griff hatte. Nun\u2026 Fast voll im Griff hatte &#8211; dem Geburtstagsst\u00e4ndchen, welches ihm zu Ehren lauthals angestimmt wurde, war er gnadenlos ausgeliefert.<\/p>\n<p><img data-recalc-dims=\"1\" loading=\"lazy\" decoding=\"async\" class=\"size-medium wp-image-10512 aligncenter\" src=\"https:\/\/i0.wp.com\/schwarze-welle.com\/wp-content\/uploads\/2024\/09\/JL23132.jpg?resize=770%2C514&#038;ssl=1\" alt=\"\" width=\"770\" height=\"514\" srcset=\"https:\/\/i0.wp.com\/schwarze-welle.com\/wp-content\/uploads\/2024\/09\/JL23132.jpg?resize=770%2C514&amp;ssl=1 770w, https:\/\/i0.wp.com\/schwarze-welle.com\/wp-content\/uploads\/2024\/09\/JL23132.jpg?resize=1170%2C781&amp;ssl=1 1170w, https:\/\/i0.wp.com\/schwarze-welle.com\/wp-content\/uploads\/2024\/09\/JL23132.jpg?resize=768%2C513&amp;ssl=1 768w, https:\/\/i0.wp.com\/schwarze-welle.com\/wp-content\/uploads\/2024\/09\/JL23132.jpg?resize=1536%2C1025&amp;ssl=1 1536w, https:\/\/i0.wp.com\/schwarze-welle.com\/wp-content\/uploads\/2024\/09\/JL23132.jpg?w=2000&amp;ssl=1 2000w\" sizes=\"(max-width: 770px) 100vw, 770px\" \/><\/p>\n<p>Die B\u00fchnenpr\u00e4senz und der charakteristische Mix aus Electro Rock und Synth Pop begeisterte die Szene-Familie voll und ganz.<\/p>\n<p><img data-recalc-dims=\"1\" loading=\"lazy\" decoding=\"async\" class=\"size-medium wp-image-10511 aligncenter\" src=\"https:\/\/i0.wp.com\/schwarze-welle.com\/wp-content\/uploads\/2024\/09\/JL22938.jpg?resize=514%2C770&#038;ssl=1\" alt=\"\" width=\"514\" height=\"770\" srcset=\"https:\/\/i0.wp.com\/schwarze-welle.com\/wp-content\/uploads\/2024\/09\/JL22938.jpg?resize=514%2C770&amp;ssl=1 514w, https:\/\/i0.wp.com\/schwarze-welle.com\/wp-content\/uploads\/2024\/09\/JL22938.jpg?resize=781%2C1170&amp;ssl=1 781w, https:\/\/i0.wp.com\/schwarze-welle.com\/wp-content\/uploads\/2024\/09\/JL22938.jpg?resize=768%2C1151&amp;ssl=1 768w, https:\/\/i0.wp.com\/schwarze-welle.com\/wp-content\/uploads\/2024\/09\/JL22938.jpg?resize=1025%2C1536&amp;ssl=1 1025w, https:\/\/i0.wp.com\/schwarze-welle.com\/wp-content\/uploads\/2024\/09\/JL22938.jpg?w=1335&amp;ssl=1 1335w\" sizes=\"(max-width: 514px) 100vw, 514px\" \/><\/p>\n<p>Doch von wegen B\u00fchnenpr\u00e4senz\u2026 W\u00e4hrend die Autorin noch vertr\u00e4umt dem Nachtfalter bei seinem wundervollen Tanz \u00fcber den K\u00f6pfen der Crowd zusah, tauchte der S\u00e4nger flummiartig inmitten dieser auf und sorgte f\u00fcr noch mehr Stimmung.<\/p>\n<p><img data-recalc-dims=\"1\" loading=\"lazy\" decoding=\"async\" class=\"size-medium wp-image-10508 aligncenter\" src=\"https:\/\/i0.wp.com\/schwarze-welle.com\/wp-content\/uploads\/2024\/09\/JL10427.jpg?resize=514%2C770&#038;ssl=1\" alt=\"\" width=\"514\" height=\"770\" srcset=\"https:\/\/i0.wp.com\/schwarze-welle.com\/wp-content\/uploads\/2024\/09\/JL10427.jpg?resize=514%2C770&amp;ssl=1 514w, https:\/\/i0.wp.com\/schwarze-welle.com\/wp-content\/uploads\/2024\/09\/JL10427.jpg?resize=781%2C1170&amp;ssl=1 781w, https:\/\/i0.wp.com\/schwarze-welle.com\/wp-content\/uploads\/2024\/09\/JL10427.jpg?resize=768%2C1151&amp;ssl=1 768w, https:\/\/i0.wp.com\/schwarze-welle.com\/wp-content\/uploads\/2024\/09\/JL10427.jpg?resize=1025%2C1536&amp;ssl=1 1025w, https:\/\/i0.wp.com\/schwarze-welle.com\/wp-content\/uploads\/2024\/09\/JL10427.jpg?w=1335&amp;ssl=1 1335w\" sizes=\"(max-width: 514px) 100vw, 514px\" \/><\/p>\n<p>Emotional wurde es einmal mehr mit der Erinnerung an Nils-Frederick Brandt (*1989; \u2020 2022), guter Freund und Mitglied des 1000 FEUER FESTIVAL Teams.<\/p>\n<p><em>\u201eTake On Me\u201c\u2026<\/em><\/p>\n<p>\u00dcber die Running Order bereits im Vorfeld verwundert, ging der RELATE-Act nun bereits ins Finale. Um ca. 21 Uhr sollte auch eigentlich schon die n\u00e4chste Band auf den Brettern stehen&#8230;<\/p>\n<p><img data-recalc-dims=\"1\" loading=\"lazy\" decoding=\"async\" class=\"size-medium wp-image-10513 aligncenter\" src=\"https:\/\/i0.wp.com\/schwarze-welle.com\/wp-content\/uploads\/2024\/09\/JL23216-Verbessert-RR.jpg?resize=770%2C514&#038;ssl=1\" alt=\"\" width=\"770\" height=\"514\" srcset=\"https:\/\/i0.wp.com\/schwarze-welle.com\/wp-content\/uploads\/2024\/09\/JL23216-Verbessert-RR.jpg?resize=770%2C514&amp;ssl=1 770w, https:\/\/i0.wp.com\/schwarze-welle.com\/wp-content\/uploads\/2024\/09\/JL23216-Verbessert-RR.jpg?resize=1170%2C781&amp;ssl=1 1170w, https:\/\/i0.wp.com\/schwarze-welle.com\/wp-content\/uploads\/2024\/09\/JL23216-Verbessert-RR.jpg?resize=768%2C513&amp;ssl=1 768w, https:\/\/i0.wp.com\/schwarze-welle.com\/wp-content\/uploads\/2024\/09\/JL23216-Verbessert-RR.jpg?resize=1536%2C1025&amp;ssl=1 1536w, https:\/\/i0.wp.com\/schwarze-welle.com\/wp-content\/uploads\/2024\/09\/JL23216-Verbessert-RR.jpg?w=2000&amp;ssl=1 2000w\" sizes=\"(max-width: 770px) 100vw, 770px\" \/><\/p>\n<p>&nbsp;<\/p>\n<p><iframe hcb-fetch-image-from=\"https:\/\/youtu.be\/RrsfacQ0vLc\" title=\"Relate - Ring The Alarm (LIVE @ Amphitheater Gelsenkirchen)\" width=\"1170\" height=\"658\" src=\"https:\/\/www.youtube.com\/embed\/RrsfacQ0vLc?feature=oembed\" frameborder=\"0\" allow=\"accelerometer; autoplay; clipboard-write; encrypted-media; gyroscope; picture-in-picture; web-share\" referrerpolicy=\"strict-origin-when-cross-origin\" allowfullscreen><\/iframe><\/p>\n<p>Schwei\u00dfgebadet wurde das letzte Kaltgetr\u00e4nk an der Theke geordert und nochmal frische Luft in die Lungen gepumpt.<\/p>\n<h2><strong>SCHWARZSCHILD<\/strong><\/h2>\n<p>Da war er nun, der letzte Act des Abends. Doch bereits in der Pause konnte man erahnen, dass es in der L\u00fcfterhalle jetzt auch wohl tats\u00e4chlich etwas luftiger zugehen w\u00fcrde.<\/p>\n<p><img data-recalc-dims=\"1\" loading=\"lazy\" decoding=\"async\" class=\"size-medium wp-image-10530 aligncenter\" src=\"https:\/\/i0.wp.com\/schwarze-welle.com\/wp-content\/uploads\/2024\/09\/JL23264.jpg?resize=770%2C514&#038;ssl=1\" alt=\"\" width=\"770\" height=\"514\" srcset=\"https:\/\/i0.wp.com\/schwarze-welle.com\/wp-content\/uploads\/2024\/09\/JL23264.jpg?resize=770%2C514&amp;ssl=1 770w, https:\/\/i0.wp.com\/schwarze-welle.com\/wp-content\/uploads\/2024\/09\/JL23264.jpg?resize=1170%2C781&amp;ssl=1 1170w, https:\/\/i0.wp.com\/schwarze-welle.com\/wp-content\/uploads\/2024\/09\/JL23264.jpg?resize=768%2C513&amp;ssl=1 768w, https:\/\/i0.wp.com\/schwarze-welle.com\/wp-content\/uploads\/2024\/09\/JL23264.jpg?resize=1536%2C1025&amp;ssl=1 1536w, https:\/\/i0.wp.com\/schwarze-welle.com\/wp-content\/uploads\/2024\/09\/JL23264.jpg?w=2000&amp;ssl=1 2000w\" sizes=\"(max-width: 770px) 100vw, 770px\" \/><\/p>\n<p>Einige Zuschauer verlie\u00dfen bereits die Location, w\u00e4hrend andere Besucher es sich im Innenhof\u00a0 gem\u00fctlich machten, um hier den Abend gemeinsam ausklingen zu lassen.<\/p>\n<p><img data-recalc-dims=\"1\" loading=\"lazy\" decoding=\"async\" class=\"size-medium wp-image-10529 aligncenter\" src=\"https:\/\/i0.wp.com\/schwarze-welle.com\/wp-content\/uploads\/2024\/09\/JL23224.jpg?resize=770%2C514&#038;ssl=1\" alt=\"\" width=\"770\" height=\"514\" srcset=\"https:\/\/i0.wp.com\/schwarze-welle.com\/wp-content\/uploads\/2024\/09\/JL23224.jpg?resize=770%2C514&amp;ssl=1 770w, https:\/\/i0.wp.com\/schwarze-welle.com\/wp-content\/uploads\/2024\/09\/JL23224.jpg?resize=1170%2C781&amp;ssl=1 1170w, https:\/\/i0.wp.com\/schwarze-welle.com\/wp-content\/uploads\/2024\/09\/JL23224.jpg?resize=768%2C513&amp;ssl=1 768w, https:\/\/i0.wp.com\/schwarze-welle.com\/wp-content\/uploads\/2024\/09\/JL23224.jpg?resize=1536%2C1025&amp;ssl=1 1536w, https:\/\/i0.wp.com\/schwarze-welle.com\/wp-content\/uploads\/2024\/09\/JL23224.jpg?w=2000&amp;ssl=1 2000w\" sizes=\"(max-width: 770px) 100vw, 770px\" \/><\/p>\n<p>Die verbleibenden <a href=\"https:\/\/www.facebook.com\/SchwarzschildMusic\" target=\"_blank\" rel=\"noopener\">SCHWARZSCHILD<\/a> Fans feierten und tanzten jedoch ihr Bestes zum Takt der Synth-Pop Kl\u00e4nge, die Dino Serci und Keyboarder Peter Daams \u00a0ihnen in Ohren und Beine fahren lie\u00dfen.<\/p>\n<p><img data-recalc-dims=\"1\" loading=\"lazy\" decoding=\"async\" class=\"size-medium wp-image-10528 aligncenter\" src=\"https:\/\/i0.wp.com\/schwarze-welle.com\/wp-content\/uploads\/2024\/09\/JL10597.jpg?resize=514%2C770&#038;ssl=1\" alt=\"\" width=\"514\" height=\"770\" srcset=\"https:\/\/i0.wp.com\/schwarze-welle.com\/wp-content\/uploads\/2024\/09\/JL10597.jpg?resize=514%2C770&amp;ssl=1 514w, https:\/\/i0.wp.com\/schwarze-welle.com\/wp-content\/uploads\/2024\/09\/JL10597.jpg?resize=781%2C1170&amp;ssl=1 781w, https:\/\/i0.wp.com\/schwarze-welle.com\/wp-content\/uploads\/2024\/09\/JL10597.jpg?resize=768%2C1151&amp;ssl=1 768w, https:\/\/i0.wp.com\/schwarze-welle.com\/wp-content\/uploads\/2024\/09\/JL10597.jpg?resize=1025%2C1536&amp;ssl=1 1025w, https:\/\/i0.wp.com\/schwarze-welle.com\/wp-content\/uploads\/2024\/09\/JL10597.jpg?w=1335&amp;ssl=1 1335w\" sizes=\"(max-width: 514px) 100vw, 514px\" \/><\/p>\n<p><img data-recalc-dims=\"1\" loading=\"lazy\" decoding=\"async\" class=\"size-medium wp-image-10527 aligncenter\" src=\"https:\/\/i0.wp.com\/schwarze-welle.com\/wp-content\/uploads\/2024\/09\/JL10589.jpg?resize=514%2C770&#038;ssl=1\" alt=\"\" width=\"514\" height=\"770\" srcset=\"https:\/\/i0.wp.com\/schwarze-welle.com\/wp-content\/uploads\/2024\/09\/JL10589.jpg?resize=514%2C770&amp;ssl=1 514w, https:\/\/i0.wp.com\/schwarze-welle.com\/wp-content\/uploads\/2024\/09\/JL10589.jpg?resize=781%2C1170&amp;ssl=1 781w, https:\/\/i0.wp.com\/schwarze-welle.com\/wp-content\/uploads\/2024\/09\/JL10589.jpg?resize=768%2C1151&amp;ssl=1 768w, https:\/\/i0.wp.com\/schwarze-welle.com\/wp-content\/uploads\/2024\/09\/JL10589.jpg?resize=1025%2C1536&amp;ssl=1 1025w, https:\/\/i0.wp.com\/schwarze-welle.com\/wp-content\/uploads\/2024\/09\/JL10589.jpg?w=1335&amp;ssl=1 1335w\" sizes=\"(max-width: 514px) 100vw, 514px\" \/><\/p>\n<p>Marco Serci war aus gesundheitlichen Gr\u00fcnden diesmal nicht mit am Start. An dieser Stelle w\u00fcnscht die Redaktion dem Gitarristen eine gute Genesung!<\/p>\n<p><iframe hcb-fetch-image-from=\"https:\/\/youtu.be\/214CyoqK-jQ\" title=\"SCHWARZSCHILD - Auf allen Wegen (Official Video)\" width=\"1170\" height=\"658\" src=\"https:\/\/www.youtube.com\/embed\/214CyoqK-jQ?feature=oembed\" frameborder=\"0\" allow=\"accelerometer; autoplay; clipboard-write; encrypted-media; gyroscope; picture-in-picture; web-share\" referrerpolicy=\"strict-origin-when-cross-origin\" allowfullscreen><\/iframe><\/p>\n<h2><strong>Danke<\/strong><\/h2>\n<p>Was f\u00fcr ein entspannter, atmosph\u00e4rischer Abend mit RELATE und den &#8222;Kumpels&#8220;!<br \/>\nWer es neben den gro\u00dfen Veranstaltungen auch mal famili\u00e4r und gem\u00fctlich mag, ist beim 1000 FEUER FESTIVAL genau richtig. Ein weiteres Dankesch\u00f6n geht an den Fotografen <a href=\"https:\/\/www.facebook.com\/profile.php?id=100004381367576\" target=\"_blank\" rel=\"noopener\">Jens Lachmann<\/a>, besucht ihn auch gern auf seiner <a href=\"https:\/\/www.jelapics.de\/\" target=\"_blank\" rel=\"noopener\">Homepage<\/a> und erfahrt mehr \u00fcber ihn und seine Arbeit.<\/p>\n<h2><strong>Websites<\/strong><\/h2>\n<h3><strong>1000 Feuer Festival<\/strong><\/h3>\n<p><a href=\"https:\/\/www.1000feuerfestival.de\/\">https:\/\/www.1000feuerfestival.de\/<\/a><\/p>\n<p><a href=\"https:\/\/www.facebook.com\/1000feuerfestival\">https:\/\/www.facebook.com\/1000feuerfestival<\/a><\/p>\n<p>&nbsp;<\/p>\n<h3><strong>Wohnzimmer GE<\/strong><\/h3>\n<p><a href=\"https:\/\/www.wohnzimmer-ge.de\">https:\/\/www.wohnzimmer-ge.de<\/a><\/p>\n<p><a href=\"https:\/\/www.facebook.com\/WohnzimmerGE\">https:\/\/www.facebook.com\/WohnzimmerGE<\/a><\/p>\n<p>&nbsp;<\/p>\n<h3><strong>RELATE<\/strong><\/h3>\n<p><a href=\"https:\/\/www.relate-official.de\/\">https:\/\/www.relate-official.de\/<\/a><\/p>\n<p><a href=\"https:\/\/www.facebook.com\/RelateBand\">https:\/\/www.facebook.com\/RelateBand<\/a><\/p>\n<p>&nbsp;<\/p>\n<h3><strong>VEL\u00dcR<\/strong><\/h3>\n<p><a href=\"https:\/\/www.velur-music.de\/\">https:\/\/www.velur-music.de\/<\/a><\/p>\n<p><a href=\"https:\/\/www.facebook.com\/velurmusic\">https:\/\/www.facebook.com\/velurmusic<\/a><\/p>\n<p>&nbsp;<\/p>\n<h3><strong>UNPLACES<\/strong><\/h3>\n<p><a href=\"https:\/\/www.unplaces.de\/\">https:\/\/www.unplaces.de\/<\/a><\/p>\n<p><a href=\"https:\/\/www.facebook.com\/Unplaces\">https:\/\/www.facebook.com\/Unplaces<\/a><\/p>\n<p>&nbsp;<\/p>\n<h3><strong>SCHWARZSCHILD<\/strong><\/h3>\n<p><a href=\"https:\/\/schwarzschild-shop.de\/\">https:\/\/schwarzschild-shop.de\/<\/a><\/p>\n<p><a href=\"https:\/\/www.facebook.com\/SchwarzschildMusic\">https:\/\/www.facebook.com\/SchwarzschildMusic<\/a><\/p>\n<p>&nbsp;<\/p>\n<p><span style=\"font-size: large;\">Weitere Konzertberichte, Reviews, Bandvorstellungen, News, Events, redaktionelle Inhalte und unseren Stream findet ihr nat\u00fcrlich auf unserer <a href=\"https:\/\/schwarze-welle.com\/\" target=\"_blank\" rel=\"noopener\">Homepage<\/a>. Auf <a href=\"https:\/\/www.facebook.com\/RadioSchwarzeWelle\/\" target=\"_blank\" rel=\"noopener\">Facebook<\/a> und <a href=\"https:\/\/www.instagram.com\/radioschwarzewelle\" target=\"_blank\" rel=\"noopener\">Instagram<\/a>\u00a0versorgen wir euch mit aktuellen Beitr\u00e4gen und Infos zu unseren t\u00e4glichen Sendungen.<\/span><\/p>\n<p>&nbsp;<\/p>\n<h1><span style=\"color: #800000;\">In eigener Sache<\/span><\/h1>\n<p><span style=\"font-size: large;\">Liebe Freunde der dunklen Kl\u00e4nge,<\/span><\/p>\n<p><span style=\"font-size: large;\">Wir suchen passionierte und engagierte Menschen, die ihre Liebe zur Gothic-Musik und -Kultur teilen und unser nicht-kommerzielles Gothic Online Radio bereichern m\u00f6chten. M\u00f6chtest du ein Teil unseres Teams werden? Wir bieten dir einige M\u00f6glichkeiten, dich einzubringen.<\/span><\/p>\n<div style=\"width: 1080px;\" class=\"wp-video\"><video class=\"wp-video-shortcode\" id=\"video-10497-1\" width=\"1080\" height=\"1080\" preload=\"metadata\" controls=\"controls\"><source type=\"video\/mp4\" src=\"https:\/\/schwarze-welle.com\/wp-content\/uploads\/2024\/08\/02.08.2024-MP4-Verstaerke-unser-Team.mp4?_=1\" \/><a href=\"https:\/\/schwarze-welle.com\/wp-content\/uploads\/2024\/08\/02.08.2024-MP4-Verstaerke-unser-Team.mp4\">https:\/\/schwarze-welle.com\/wp-content\/uploads\/2024\/08\/02.08.2024-MP4-Verstaerke-unser-Team.mp4<\/a><\/video><\/div>\n<p>&nbsp;<\/p>\n<p><span style=\"font-size: large;\"><span style=\"color: #000000;\">Teile uns mit, f\u00fcr welche Position du dich interessierst, und warum du dich f\u00fcr unser Gothic Online Radio engagieren m\u00f6chtest. Gemeinsam k\u00f6nnen wir die dunkle Seite der Musik feiern und eine lebendige Community aufbauen! Worauf wartest du? Mach mit!<\/span> <\/span><\/p>\n<h4 class=\"western\"><span style=\"color: #800000;\"><a style=\"color: #800000;\" href=\"mailto:bewerbung@schwarze-welle.com\" target=\"_blank\" rel=\"noopener\">bewerbung@schwarze-welle.com<\/a><\/span><\/h4>\n","protected":false},"excerpt":{"rendered":"<p>\u201eWas h\u00e4lst du vom 1000 FEUER FESTIVAL?\u201c \u201eJop. Lass machen.\u201c 21. September, Wohnzimmer GE Ziemlich unkompliziert gestaltete sich die Planung des vergangenen Wochenendes, die sich noch dazu perfekt umsetzen lie\u00df. Die Schwarze Welle war also mal wieder unterwegs&#8230; Als stolz bekennende Ruhrpottlerin und Liebhaberin der Industriekultur, erzeugte das Bild eines ...<\/p>\n","protected":false},"author":5,"featured_media":10498,"comment_status":"closed","ping_status":"closed","sticky":false,"template":"","format":"standard","meta":{"_acf_changed":false,"ngg_post_thumbnail":0,"_jetpack_memberships_contains_paid_content":false,"footnotes":""},"categories":[20,17],"tags":[2733,2740,2742,2738,2734,2741,293,2739,2736,2735,2737],"class_list":["post-10497","post","type-post","status-publish","format-standard","has-post-thumbnail","hentry","category-konzert-reviews","category-news","tag-1000-feuer-festival","tag-im-herzen-der-region","tag-kunst-und-musikszene","tag-luefterhalle","tag-relate","tag-ruhrgebiet","tag-schwarzschild","tag-stadt-der-tausend-feuer","tag-unplaces","tag-veluer","tag-wohnzimmer-ge"],"acf":[],"jetpack_featured_media_url":"https:\/\/i0.wp.com\/schwarze-welle.com\/wp-content\/uploads\/2024\/09\/plakat-1000ff-lufterhalle-q.jpg?fit=2245%2C1350&ssl=1","jetpack_sharing_enabled":true,"_links":{"self":[{"href":"https:\/\/schwarze-welle.com\/index.php?rest_route=\/wp\/v2\/posts\/10497","targetHints":{"allow":["GET"]}}],"collection":[{"href":"https:\/\/schwarze-welle.com\/index.php?rest_route=\/wp\/v2\/posts"}],"about":[{"href":"https:\/\/schwarze-welle.com\/index.php?rest_route=\/wp\/v2\/types\/post"}],"author":[{"embeddable":true,"href":"https:\/\/schwarze-welle.com\/index.php?rest_route=\/wp\/v2\/users\/5"}],"replies":[{"embeddable":true,"href":"https:\/\/schwarze-welle.com\/index.php?rest_route=%2Fwp%2Fv2%2Fcomments&post=10497"}],"version-history":[{"count":5,"href":"https:\/\/schwarze-welle.com\/index.php?rest_route=\/wp\/v2\/posts\/10497\/revisions"}],"predecessor-version":[{"id":10537,"href":"https:\/\/schwarze-welle.com\/index.php?rest_route=\/wp\/v2\/posts\/10497\/revisions\/10537"}],"wp:featuredmedia":[{"embeddable":true,"href":"https:\/\/schwarze-welle.com\/index.php?rest_route=\/wp\/v2\/media\/10498"}],"wp:attachment":[{"href":"https:\/\/schwarze-welle.com\/index.php?rest_route=%2Fwp%2Fv2%2Fmedia&parent=10497"}],"wp:term":[{"taxonomy":"category","embeddable":true,"href":"https:\/\/schwarze-welle.com\/index.php?rest_route=%2Fwp%2Fv2%2Fcategories&post=10497"},{"taxonomy":"post_tag","embeddable":true,"href":"https:\/\/schwarze-welle.com\/index.php?rest_route=%2Fwp%2Fv2%2Ftags&post=10497"}],"curies":[{"name":"wp","href":"https:\/\/api.w.org\/{rel}","templated":true}]}}