{"id":10058,"date":"2024-05-27T12:56:42","date_gmt":"2024-05-27T10:56:42","guid":{"rendered":"https:\/\/schwarze-welle.com\/?p=10058"},"modified":"2024-05-27T18:59:04","modified_gmt":"2024-05-27T16:59:04","slug":"wave-gotik-treffen-2024-vom-leben-zwischen-euphonie-und-kakophonie","status":"publish","type":"post","link":"https:\/\/schwarze-welle.com\/?p=10058","title":{"rendered":"Wave-Gotik-Treffen 2024 &#8211; Vom Leben zwischen Euphonie und Kakophonie"},"content":{"rendered":"<p><span style=\"font-size: large;\"><a href=\"https:\/\/www.facebook.com\/WaveGotikTreffen\" target=\"_blank\" rel=\"noopener\">Das Wave-Gotik-Treffen<\/a> 2024 war auch in diesem Jahr wieder ein schillerndes Highlight f\u00fcr all die sch\u00f6nen, schwarzen Seelen aus aller Welt und somit nat\u00fcrlich auch f\u00fcr einige Mitglieder des RSW Teams, die sich beschwingt unter die 18.000 Festival-Besucher mischten. Insbesondere freute sich das Triumvirat des Senders, bestehend aus <\/span><span style=\"font-size: large;\">dem Herrn<span style=\"color: #800000;\"> <a style=\"color: #800000;\" href=\"https:\/\/www.facebook.com\/ConnorofGordon\" target=\"_blank\" rel=\"noopener\">Intendaten<\/a><\/span>, der<span style=\"color: #800000;\"> <a style=\"color: #800000;\" href=\"https:\/\/www.facebook.com\/Indrya.RSW\" target=\"_blank\" rel=\"noopener\">Sendeleitung<\/a><\/span> und der <span style=\"color: #800000;\"><a style=\"color: #800000;\" href=\"https:\/\/www.facebook.com\/prinzessin.prisma\" target=\"_blank\" rel=\"noopener\">Redaktionsleitung<\/a> <\/span>(zuf\u00e4llig auch Autorin des Berichts) auf<\/span><span style=\"font-size: large;\">\u00a0die gemeinsame Zeit, die wir mit unserer wundervollen \u201eWGT-Familie\u201c auf dem Zeltplatz an der <\/span><span style=\"color: #800000;\"><u><a style=\"color: #800000;\" href=\"https:\/\/www.facebook.com\/agramessepark\"><span style=\"font-size: large;\">Agra<\/span><\/a><\/u><\/span><span style=\"font-size: large;\"> genie\u00dfen sollten. Klingt nach Privatvergn\u00fcgen? Ja. Absolut. Die \u201eArbeit\u201c findet hier gerade im Nachgang statt. Ganz freiwillig \u00fcbrigens\u2026<\/span><\/p>\n<p><img data-recalc-dims=\"1\" fetchpriority=\"high\" decoding=\"async\" class=\"size-medium wp-image-10063 aligncenter\" src=\"https:\/\/i0.wp.com\/schwarze-welle.com\/wp-content\/uploads\/2024\/05\/Triumvirat.jpg?resize=578%2C770&#038;ssl=1\" alt=\"\" width=\"578\" height=\"770\" srcset=\"https:\/\/i0.wp.com\/schwarze-welle.com\/wp-content\/uploads\/2024\/05\/Triumvirat.jpg?resize=578%2C770&amp;ssl=1 578w, https:\/\/i0.wp.com\/schwarze-welle.com\/wp-content\/uploads\/2024\/05\/Triumvirat.jpg?resize=878%2C1170&amp;ssl=1 878w, https:\/\/i0.wp.com\/schwarze-welle.com\/wp-content\/uploads\/2024\/05\/Triumvirat.jpg?resize=768%2C1024&amp;ssl=1 768w, https:\/\/i0.wp.com\/schwarze-welle.com\/wp-content\/uploads\/2024\/05\/Triumvirat.jpg?resize=1152%2C1536&amp;ssl=1 1152w, https:\/\/i0.wp.com\/schwarze-welle.com\/wp-content\/uploads\/2024\/05\/Triumvirat.jpg?w=1536&amp;ssl=1 1536w\" sizes=\"(max-width: 578px) 100vw, 578px\" \/><\/p>\n<h2>DONNERSTAG<\/h2>\n<p><span style=\"font-size: large;\">Die Anreise am Donnerstagmorgen verlief unkompliziert. Flott waren die Zelte und Pavillons aufgebaut und damit sch\u00e4tzungsweise 150 qm der saftig gr\u00fcnen Wiese besiedelt. Zeit f\u00fcr die erste Wohlstandsbrause, bei der es nat\u00fcrlich nicht bleiben sollte, konnte und durfte, denn schlie\u00dflich musste das 31. Wave-Gotik-Treffen geb\u00fchrend er\u00f6ffnet werden. Die Stimmung war ausgelassen, es wurde viel gequatscht, gelacht und zus\u00e4tzlich wur<\/span><span style=\"font-size: large;\">d<\/span><span style=\"font-size: large;\">en unfassbar viele Pl\u00e4ne geschmiedet, keinerlei Pl\u00e4ne zu schmieden\u2026 Wie sch\u00f6n es sich doch anf\u00fchlte, endlich wieder unter <\/span><span style=\"font-size: large;\"><i>\u201enormalen\u201c <\/i><\/span><span style=\"font-size: large;\">Menschen<\/span> <span style=\"font-size: large;\">zu sein.<\/span><\/p>\n<p><img data-recalc-dims=\"1\" decoding=\"async\" class=\"size-medium wp-image-10083 aligncenter\" src=\"https:\/\/i0.wp.com\/schwarze-welle.com\/wp-content\/uploads\/2024\/05\/Zelten-II.jpeg?resize=770%2C578&#038;ssl=1\" alt=\"\" width=\"770\" height=\"578\" srcset=\"https:\/\/i0.wp.com\/schwarze-welle.com\/wp-content\/uploads\/2024\/05\/Zelten-II.jpeg?resize=770%2C578&amp;ssl=1 770w, https:\/\/i0.wp.com\/schwarze-welle.com\/wp-content\/uploads\/2024\/05\/Zelten-II.jpeg?resize=1170%2C878&amp;ssl=1 1170w, https:\/\/i0.wp.com\/schwarze-welle.com\/wp-content\/uploads\/2024\/05\/Zelten-II.jpeg?resize=768%2C576&amp;ssl=1 768w, https:\/\/i0.wp.com\/schwarze-welle.com\/wp-content\/uploads\/2024\/05\/Zelten-II.jpeg?resize=1536%2C1152&amp;ssl=1 1536w, https:\/\/i0.wp.com\/schwarze-welle.com\/wp-content\/uploads\/2024\/05\/Zelten-II.jpeg?w=2048&amp;ssl=1 2048w\" sizes=\"(max-width: 770px) 100vw, 770px\" \/><\/p>\n<p><img data-recalc-dims=\"1\" decoding=\"async\" class=\"size-medium wp-image-10084 aligncenter\" src=\"https:\/\/i0.wp.com\/schwarze-welle.com\/wp-content\/uploads\/2024\/05\/Zelten.jpeg?resize=770%2C578&#038;ssl=1\" alt=\"\" width=\"770\" height=\"578\" srcset=\"https:\/\/i0.wp.com\/schwarze-welle.com\/wp-content\/uploads\/2024\/05\/Zelten.jpeg?resize=770%2C578&amp;ssl=1 770w, https:\/\/i0.wp.com\/schwarze-welle.com\/wp-content\/uploads\/2024\/05\/Zelten.jpeg?resize=1170%2C878&amp;ssl=1 1170w, https:\/\/i0.wp.com\/schwarze-welle.com\/wp-content\/uploads\/2024\/05\/Zelten.jpeg?resize=768%2C576&amp;ssl=1 768w, https:\/\/i0.wp.com\/schwarze-welle.com\/wp-content\/uploads\/2024\/05\/Zelten.jpeg?w=1280&amp;ssl=1 1280w\" sizes=\"(max-width: 770px) 100vw, 770px\" \/><\/p>\n<p><span style=\"font-size: large;\">Mit viel Mut zur L\u00fccke verzichtete ich auf die angebotenen Partys des Abends (Felsenkeller, Agra 4.2, Agra Caf\u00e9, Darkflower, Katz Club, Moritzbastei) und fiel stattdessen platt und gl\u00fccklich in meine wohlig warme Koje.<\/span><\/p>\n<h2>FREITAG<\/h2>\n<p><span style=\"font-size: large;\">Kaffee, Z\u00e4hne putzen, rein in die Klamotten. Zeit f\u00fcr den Auftakt des t\u00e4glichen \u201eDekadenz-Rituals\u201c: Dosenbier\u2026 <\/span><\/p>\n<p><span style=\"font-size: large;\">Das diente nat\u00fcrlich nur zur Wegzehrung, denn nun ging es mit der Stra\u00dfenbahn in die Innenstadt Leipzigs, wo wir schon in unserer Stamm-B\u00e4ckerei erwartet wurden. Und ganz ehrlich &#8211; Das Fr\u00fchst\u00fcck dort ist phantastisch und bietet jedem WGTarier (m\/w\/d), was das Herz begehrt. <\/span><\/p>\n<p><span style=\"font-size: large;\">Jetzt wollt ihr sicher wissen, von welchem Leipziger Familienunternehmen hier die Rede ist? Sorry f\u00fcr\u2019s Triggern, Ihr Lieben, aber an dieser Stelle bewahre ich doch gerne die \u201ePrivatsph\u00e4re\u201c der 12-k\u00f6pfigen Truppe und hoffe auf euer Verst\u00e4ndnis.<\/span><\/p>\n<h3>Shopping&#8230;<\/h3>\n<p><span style=\"font-size: large;\">Wohlgen\u00e4hrt flanierten wir bei strahlendem Sonnenschein durch die geschw\u00e4rzten Stra\u00dfen Sachsens, vorbei an den wundervollen Geb\u00e4uden und Sehensw\u00fcrdigkeiten, wie dem Alten Rathaus oder der Thomaskirche, bevor es zur\u00fcck zur Base und anschlie\u00dfend zum Shopping in die Agra ging, die neben den knapp 40 Veranstaltungsorten eine magische Anziehungskraft aus\u00fcbte. Wer hier nichts an Klamotten, Accessoires, Schmuck, Schuhen oder Kinkerlitzchen finden konnte, musste nicht verzweifeln, denn es gab neben dem<span style=\"color: #800000;\"> <a style=\"color: #800000;\" href=\"https:\/\/www.facebook.com\/dark.affair.leipzig\" target=\"_blank\" rel=\"noopener\">Dark Affair<\/a><\/span> Zelt auf dem Wilhelm-Leuschner-Platz noch eine weitere Chance:<\/span><\/p>\n<h3><span style=\"font-size: x-large;\"><b>Auf, ins Heidnische Dorf!<\/b><\/span><\/h3>\n<p><span style=\"font-size: large;\">Festes Schuhwerk, Dosenbier f\u00fcr den Weg und ab daf\u00fcr. Der Weg dorthin f\u00fchrte uns drei M\u00e4dels \u00fcber den Zeltplatz und kurz durchs Gr\u00fcne am Schlosspark (oder Parkschlo\u00df? Oder nix davon?), bevor die Br\u00fccke zum Wikingerlager \u00fcberquert und nach einer kurzen Taschenkontrolle das Eingangstor passiert wurde. Und zack, nun war es soweit. Von der Atmosph\u00e4re im<span style=\"color: #800000;\"> <a style=\"color: #800000;\" href=\"https:\/\/www.facebook.com\/pages\/Heidnisches-Dorf-Leipzig-WGT\/182175348575905\" target=\"_blank\" rel=\"noopener\">Heidnischen Dorf<\/a> <\/span>und dem mittelalterlichen Treiben zutiefst ergriffen, war der Alltag nun vollends vergessen und das Gef\u00fchl \u201eAngekommen zu sein\u201c so wahnsinnig pr\u00e4sent. <\/span><\/p>\n<p><img data-recalc-dims=\"1\" loading=\"lazy\" decoding=\"async\" class=\"size-medium wp-image-10078 aligncenter\" src=\"https:\/\/i0.wp.com\/schwarze-welle.com\/wp-content\/uploads\/2024\/05\/HeiDo-II.jpeg?resize=770%2C578&#038;ssl=1\" alt=\"\" width=\"770\" height=\"578\" srcset=\"https:\/\/i0.wp.com\/schwarze-welle.com\/wp-content\/uploads\/2024\/05\/HeiDo-II.jpeg?resize=770%2C578&amp;ssl=1 770w, https:\/\/i0.wp.com\/schwarze-welle.com\/wp-content\/uploads\/2024\/05\/HeiDo-II.jpeg?resize=1170%2C878&amp;ssl=1 1170w, https:\/\/i0.wp.com\/schwarze-welle.com\/wp-content\/uploads\/2024\/05\/HeiDo-II.jpeg?resize=768%2C576&amp;ssl=1 768w, https:\/\/i0.wp.com\/schwarze-welle.com\/wp-content\/uploads\/2024\/05\/HeiDo-II.jpeg?resize=1536%2C1152&amp;ssl=1 1536w, https:\/\/i0.wp.com\/schwarze-welle.com\/wp-content\/uploads\/2024\/05\/HeiDo-II.jpeg?w=1600&amp;ssl=1 1600w\" sizes=\"(max-width: 770px) 100vw, 770px\" \/><\/p>\n<p><span style=\"font-size: large;\">Es gab so viel zu sehen, zu riechen und nat\u00fcrlich auch zu h\u00f6ren. Auf der B\u00fchne spielte das Schweizer<span style=\"color: #800000;\"> <a style=\"color: #800000;\" href=\"https:\/\/www.facebook.com\/saintcityorchestra\">SAINT CITY ORCHESTRA<\/a><\/span> und sorgte mit seinem Folk-Punk ordentlich f\u00fcr Stimmung und positive Emotionen. Das erworbene Kirschbier tat sein Bestes dazu und das spontane Selfie konnte unsere Gl\u00fcckseligkeit kaum besser ausdr\u00fccken. F\u00fcr heute hatten wir allerdings genug gesehen. Zur\u00fcck zur Base, auf der Promenade noch etwas zu essen besorgen und rasch umziehen. Doch nat\u00fcrlich sollte das \u201eHeiDo\u201c an jedem weiteren Tag fester Bestandteil unseres Aufenthalts werden. Sp\u00e4ter also mehr dazu.<\/span><\/p>\n<p><span style=\"font-size: large;\">Nun aber hinein in die Agra! Nein, nicht wieder Shoppen. Diesmal in die andere Richtung, ein Konzert stand an.<\/span><\/p>\n<h3>PETER HEPPNER und Band<\/h3>\n<p><span style=\"font-size: large;\">Musiker, Songwriter und Musikproduzent PETER HEPPNER stand p\u00fcnktlich um 21 Uhr auf der B\u00fchne &#8211; und wir nat\u00fcrlich davor. Zuerst. Lange hielten wir es jedoch auf unserem Platz nicht aus, denn eine kaputte Box machte das Lauschen der an sich so wunderbaren Musik leider zur Qual. So probierten wir also mehrere Pl\u00e4tze in der Halle aus und fanden unsere Position dann letztendlich am Cocktailstand. Hier konnten wir den Hamburger K\u00fcnstler zwar nicht mehr sehen, doch der Sound war gut ertr\u00e4glich und die Lightshow sehr angenehm, sodass wir fr\u00f6hlich, mit einem Longdrink in der Hand, all die unvergessenen Tracks genie\u00dfen und mittr\u00e4llern konnten. <\/span><\/p>\n<h3>Meine Welt&#8230;<\/h3>\n<p><span style=\"font-size: large;\">Gerade der WOLFSHEIM Klassiker <\/span><span style=\"font-size: large;\"><i>\u201eThe Sparrows and the Nightingales\u201c<\/i><\/span><span style=\"font-size: large;\"> oder <\/span><span style=\"font-size: large;\"><i>\u201eMeine Welt\u201c,<\/i><\/span><span style=\"font-size: large;\"> von Heppners zweiten Soloalbum <\/span><span style=\"font-size: large;\"><i>\u201aMy Heart Of Stone\u2018, <\/i><\/span><span style=\"font-size: large;\">boten sich hierzu f\u00f6rmlich an. M\u00f6glich, dass dem einen oder anderen in der Zuschauermenge diverse Remixe ungl\u00fccklich gew\u00e4hlt vorkamen, doch uns st\u00f6rte diese Tatsache genauso wenig, wie der stellenweise fehlende Atem oder die weggelassenen Worte der gesundheitlich angeschlagenen, doch nach wie vor charismatischen, Synth-Pop-Legende.<\/span><\/p>\n<p><img data-recalc-dims=\"1\" loading=\"lazy\" decoding=\"async\" class=\"size-medium wp-image-10068 aligncenter\" src=\"https:\/\/i0.wp.com\/schwarze-welle.com\/wp-content\/uploads\/2024\/05\/Heppner.jpeg?resize=770%2C578&#038;ssl=1\" alt=\"\" width=\"770\" height=\"578\" srcset=\"https:\/\/i0.wp.com\/schwarze-welle.com\/wp-content\/uploads\/2024\/05\/Heppner.jpeg?resize=770%2C578&amp;ssl=1 770w, https:\/\/i0.wp.com\/schwarze-welle.com\/wp-content\/uploads\/2024\/05\/Heppner.jpeg?resize=1170%2C878&amp;ssl=1 1170w, https:\/\/i0.wp.com\/schwarze-welle.com\/wp-content\/uploads\/2024\/05\/Heppner.jpeg?resize=768%2C576&amp;ssl=1 768w, https:\/\/i0.wp.com\/schwarze-welle.com\/wp-content\/uploads\/2024\/05\/Heppner.jpeg?resize=1536%2C1152&amp;ssl=1 1536w, https:\/\/i0.wp.com\/schwarze-welle.com\/wp-content\/uploads\/2024\/05\/Heppner.jpeg?w=2048&amp;ssl=1 2048w\" sizes=\"(max-width: 770px) 100vw, 770px\" \/><\/p>\n<p><span style=\"font-size: large;\">Abgesehen von den angepriesenen und inhalierten Longdrinks, entpuppte sich unser abseitige Standort auch auf anderem Gebiet als Gl\u00fccksfall. So konnten wir doch einige Kinder beobachten, die gemeinsam mit ihren Eltern tanzten und sangen. Es gibt also noch Nachwuchs in unserer Szene- wie sch\u00f6n!<\/span><\/p>\n<p>\u201e<span style=\"font-size: large;\"><i>Die Flut\u201c<\/i><\/span><span style=\"font-size: large;\"> hob sich HEPPNER bis zum Schluss auf und mit der Zugabe <\/span><span style=\"font-size: large;\"><i>\u201eKein Zur\u00fcck\u201c<\/i><\/span><span style=\"font-size: large;\"> war meine pers\u00f6nliche emotionale H\u00f6chstgrenze jetzt auch mehr als erreicht. <\/span><\/p>\n<p><span style=\"font-size: large;\">In der 4.2 und im Agra Caf\u00e9 war noch nicht so viel los, auch die Musik konnte uns nicht wirklich abholen. Zur\u00fcck zur Base, in gem\u00fctliche Klamotten schl\u00fcpfen, Dosenbier und Instantnudeln \u201egenie\u00dfen\u201c, Labern, Pipi machen, ab ins Bett.<\/span><\/p>\n<h2>SAMSTAG<\/h2>\n<p><span style=\"font-size: large;\">Die Nacht war entspannt und sch\u00f6n, wie \u00fcbrigens alle N\u00e4chte an diesem verl\u00e4ngerten Pfingstwochenende, und nach dem ersten Kaffee und einer ausgiebigen Dusche wurde nat\u00fcrlich wieder unser Ritual vollzogen. Doch, Momentchen noch&#8230; Erst mussten wir noch etwas erledigen. Nachdem wir also die Toiletten-Bingo-Truppe, die einmal mehr neben uns lagerte, mit einer wirklich fr\u00f6hlich fiesen Aktion ordentlich geprankt hatten, starteten wir wieder los. <\/span><\/p>\n<p><span style=\"font-size: large;\">Ein kleiner Spaziergang f\u00fchrte nach dem Fr\u00fchst\u00fcck zu einer Verabredung im Bayrischen Bahnhof. Eine sehr sch\u00f6ne Location, die jedoch haupts\u00e4chlich auf Essen ausgelegt ist. Da von uns Vieren jedoch niemand essen wollte, mussten wir auf unsere Getr\u00e4nke recht lange warten und wurden eher etwas stiefm\u00fctterlich behandelt. Die Toiletten waren daf\u00fcr ganz edel aufgemacht und scheinen sogar fotografiert zu werden\u2026 Nun gut. Bei uns wurden andere Dinge fotografiert, denn wir haben verdammt <\/span><span style=\"font-size: large;\">kreative Dudes am Start. Darf ich vorstellen? Weder Noch.<\/span><\/p>\n<p><img data-recalc-dims=\"1\" loading=\"lazy\" decoding=\"async\" class=\"size-medium wp-image-10066 aligncenter\" src=\"https:\/\/i0.wp.com\/schwarze-welle.com\/wp-content\/uploads\/2024\/05\/Weder-Noch.jpeg?resize=578%2C770&#038;ssl=1\" alt=\"\" width=\"578\" height=\"770\" srcset=\"https:\/\/i0.wp.com\/schwarze-welle.com\/wp-content\/uploads\/2024\/05\/Weder-Noch.jpeg?resize=578%2C770&amp;ssl=1 578w, https:\/\/i0.wp.com\/schwarze-welle.com\/wp-content\/uploads\/2024\/05\/Weder-Noch.jpeg?resize=878%2C1170&amp;ssl=1 878w, https:\/\/i0.wp.com\/schwarze-welle.com\/wp-content\/uploads\/2024\/05\/Weder-Noch.jpeg?resize=768%2C1024&amp;ssl=1 768w, https:\/\/i0.wp.com\/schwarze-welle.com\/wp-content\/uploads\/2024\/05\/Weder-Noch.jpeg?w=960&amp;ssl=1 960w\" sizes=\"(max-width: 578px) 100vw, 578px\" \/><\/p>\n<h3>Von Euphonie und Kakophonie<\/h3>\n<p><span style=\"font-size: large;\">Wieder zur\u00fcck in unserer kleinen Zeltstadt ging es weiterhin munter und redselig zu. Dosenbier und redselig? Nicht wirklich \u00fcberraschend, oder? So sch\u00f6n, dass unsere vorherrschende Nicht-Eloquenz direkt zu einem \u201eBildungsauftrag\u201c f\u00fchrte. So lernte die Gruppe in ganz entspannten Rahmen mehr \u00fcber die Begriffe Euphonie, Kakophonie und Logorrhoe. Herrlich- wir hatten all das drauf, ohne es zu wissen\u2026<\/span><\/p>\n<p><span style=\"font-size: large;\">Kurzerhand ging es noch einmal flott in die Agra zum Shoppen. Das erste Geburtstagskind der Gruppe sollte von den M\u00e4dels eine tolle Erinnerung vom 31. Wave-Gotik-Treffen mit nach Hause nehmen. Und ja, es ist so. Man soll verschenken, was man am liebsten behalten m\u00f6chte. An dieser Stelle: Liebe Gr\u00fc\u00dfe an den Drachen &#8218;Weder Noch II&#8216;!<\/span><\/p>\n<p><span style=\"font-size: large;\">Jetzt hie\u00df es, etwas zu essen zu jagen und das Zeug mit Dosenbier herunterzusp\u00fclen, bevor es ans Umziehen und Richtung Party ging. Im Caf\u00e9 und in der 4.2 tanzten und feierten wir also in den Geburtstag hinein. Und alles, was auf dem Geburtstag passierte, bleibt auf dem Geburtstag. Nur noch eine kleine Anmerkung: Die B\u00f6den in den Party-Locations machen einfach keinen Spa\u00df&#8230;<\/span><\/p>\n<p><img data-recalc-dims=\"1\" loading=\"lazy\" decoding=\"async\" class=\"size-medium wp-image-10082 aligncenter\" src=\"https:\/\/i0.wp.com\/schwarze-welle.com\/wp-content\/uploads\/2024\/05\/Disco.png?resize=770%2C437&#038;ssl=1\" alt=\"\" width=\"770\" height=\"437\" srcset=\"https:\/\/i0.wp.com\/schwarze-welle.com\/wp-content\/uploads\/2024\/05\/Disco.png?resize=770%2C437&amp;ssl=1 770w, https:\/\/i0.wp.com\/schwarze-welle.com\/wp-content\/uploads\/2024\/05\/Disco.png?resize=768%2C436&amp;ssl=1 768w, https:\/\/i0.wp.com\/schwarze-welle.com\/wp-content\/uploads\/2024\/05\/Disco.png?w=833&amp;ssl=1 833w\" sizes=\"(max-width: 770px) 100vw, 770px\" \/><\/p>\n<h2>SONNTAG<\/h2>\n<p><span style=\"font-size: large;\">Ihr wisst sicher schon, wie der Tag begann? Richtig. Das Ritual. <\/span><\/p>\n<p><span style=\"font-size: large;\">Anschlie\u00dfend <\/span><span style=\"font-size: large;\">wandelten wir noch kurz \u00fcber den kleinen Markt an der Moritzbastei. Hier landeten direkt mal ein paar dezente Gl\u00f6ckchen an den Schuhen. Ansonsten waren eher wenige Highlights zu benennen.<\/span><\/p>\n<p><span style=\"font-size: large;\">Aufgrund einer Warnung vor einer unklaren Wetterlage beobachten wir am Mittag aufmerksam den Himmel und freuten uns sehr dar\u00fcber, das Gewitter an unserem Camp vorbei zog, wir es uns einmal mehr im \u201eHei<\/span><span style=\"font-size: large;\">Do<\/span><span style=\"font-size: large;\">\u201c gem\u00fctlich machen konnten und nach einem kurzen Regenschauer wieder ein wenig Sonnenschein genie\u00dfen durften.<\/span><\/p>\n<p><img data-recalc-dims=\"1\" loading=\"lazy\" decoding=\"async\" class=\"size-medium wp-image-10079 aligncenter\" src=\"https:\/\/i0.wp.com\/schwarze-welle.com\/wp-content\/uploads\/2024\/05\/Heido-III.jpeg?resize=770%2C578&#038;ssl=1\" alt=\"\" width=\"770\" height=\"578\" srcset=\"https:\/\/i0.wp.com\/schwarze-welle.com\/wp-content\/uploads\/2024\/05\/Heido-III.jpeg?resize=770%2C578&amp;ssl=1 770w, https:\/\/i0.wp.com\/schwarze-welle.com\/wp-content\/uploads\/2024\/05\/Heido-III.jpeg?resize=1170%2C878&amp;ssl=1 1170w, https:\/\/i0.wp.com\/schwarze-welle.com\/wp-content\/uploads\/2024\/05\/Heido-III.jpeg?resize=768%2C576&amp;ssl=1 768w, https:\/\/i0.wp.com\/schwarze-welle.com\/wp-content\/uploads\/2024\/05\/Heido-III.jpeg?resize=1536%2C1152&amp;ssl=1 1536w, https:\/\/i0.wp.com\/schwarze-welle.com\/wp-content\/uploads\/2024\/05\/Heido-III.jpeg?w=1600&amp;ssl=1 1600w\" sizes=\"(max-width: 770px) 100vw, 770px\" \/><\/p>\n<p><span style=\"font-size: large;\">Am Abend stand dann f\u00fcr einen Teil der \u201eKakophonisten\u201c die Euphonie in der Agra an.<\/span><\/p>\n<h3>PRAYERS<\/h3>\n<p><span style=\"font-size: large;\"><span style=\"color: #800000;\"><a style=\"color: #800000;\" href=\"https:\/\/www.facebook.com\/PRAYERS\" target=\"_blank\" rel=\"noopener\">PRAYERS<\/a><\/span>? Cholo-Goth? Noch nie davon geh\u00f6rt. Zumindest bis zum Nachmittag. Nat\u00fcrlich hatte dieser Geheimtipp direkt meinen Recherche-Sinn getriggert und die Neugier erweckt. Informationen \u00fcber diese Subku<\/span><span style=\"font-size: large;\">l<\/span><span style=\"font-size: large;\">tur mussten her und YouTube Videos wurden angesehen. Letztere h\u00e4tte ich mir jedoch fast sparen k\u00f6nnen, denn live gab die 2013 gegr\u00fcndete US-Formation ein sehr viel spannenderes und klangst\u00e4rkeres Bild ab. Gut, dass der knackende und knirschende Lautsprecher gefixt, ausgetauscht oder abgeschaltet war. Was davon nun zutrifft, m\u00fcsst ihr bitte anderweitig erfragen.<\/span><\/p>\n<p><img data-recalc-dims=\"1\" loading=\"lazy\" decoding=\"async\" class=\"size-medium wp-image-10065 aligncenter\" src=\"https:\/\/i0.wp.com\/schwarze-welle.com\/wp-content\/uploads\/2024\/05\/PRAYERS.jpeg?resize=770%2C578&#038;ssl=1\" alt=\"\" width=\"770\" height=\"578\" srcset=\"https:\/\/i0.wp.com\/schwarze-welle.com\/wp-content\/uploads\/2024\/05\/PRAYERS.jpeg?resize=770%2C578&amp;ssl=1 770w, https:\/\/i0.wp.com\/schwarze-welle.com\/wp-content\/uploads\/2024\/05\/PRAYERS.jpeg?resize=1170%2C878&amp;ssl=1 1170w, https:\/\/i0.wp.com\/schwarze-welle.com\/wp-content\/uploads\/2024\/05\/PRAYERS.jpeg?resize=768%2C576&amp;ssl=1 768w, https:\/\/i0.wp.com\/schwarze-welle.com\/wp-content\/uploads\/2024\/05\/PRAYERS.jpeg?resize=1536%2C1152&amp;ssl=1 1536w, https:\/\/i0.wp.com\/schwarze-welle.com\/wp-content\/uploads\/2024\/05\/PRAYERS.jpeg?w=2048&amp;ssl=1 2048w\" sizes=\"(max-width: 770px) 100vw, 770px\" \/><\/p>\n<p><span style=\"font-size: large;\">Rein optisch betrachtet, boten der mehrfach vorbestrafte S\u00e4nger Leafar Seyer (Rafael Reyes) und seine beiden Wingmen schon mal eine gute Show. Auch musikalisch war der Act sehr interessant und machte Spa\u00df. Ebenfalls schien dies f\u00fcr den eingereisten Act auf seiner Europapremiere, insbesondere hier auf dem 31. Wave-Gotik-Treffen, zu gelten. Zumindest bedankte sich der Frontmann mehrfach durch eher knapp gehaltene S\u00e4tze, wie<\/span><\/p>\n<blockquote><p><span style=\"font-size: large;\">I\u2018m happy, to be here <\/span><\/p><\/blockquote>\n<p><span style=\"font-size: large;\">oder<\/span><\/p>\n<blockquote><p><span style=\"font-size: large;\"> I Love you, Thank you<\/span><\/p><\/blockquote>\n<p><span style=\"font-size: large;\">Von der Interaktion mit dem Publikum schien der K\u00fcnstler nicht so viel zu halten&#8230; Auch gut. Ca. 90 Minuten lang gab es feinen Sound auf die Ohren und die F\u00fc\u00dfe bewegten sich direkt und unaufgefordert mit im Wave-Rap-Takt.<\/span><\/p>\n<p><img data-recalc-dims=\"1\" loading=\"lazy\" decoding=\"async\" class=\"size-medium wp-image-10080 aligncenter\" src=\"https:\/\/i0.wp.com\/schwarze-welle.com\/wp-content\/uploads\/2024\/05\/Prayers-II.jpeg?resize=770%2C578&#038;ssl=1\" alt=\"\" width=\"770\" height=\"578\" srcset=\"https:\/\/i0.wp.com\/schwarze-welle.com\/wp-content\/uploads\/2024\/05\/Prayers-II.jpeg?resize=770%2C578&amp;ssl=1 770w, https:\/\/i0.wp.com\/schwarze-welle.com\/wp-content\/uploads\/2024\/05\/Prayers-II.jpeg?resize=1170%2C878&amp;ssl=1 1170w, https:\/\/i0.wp.com\/schwarze-welle.com\/wp-content\/uploads\/2024\/05\/Prayers-II.jpeg?resize=768%2C576&amp;ssl=1 768w, https:\/\/i0.wp.com\/schwarze-welle.com\/wp-content\/uploads\/2024\/05\/Prayers-II.jpeg?resize=1536%2C1152&amp;ssl=1 1536w, https:\/\/i0.wp.com\/schwarze-welle.com\/wp-content\/uploads\/2024\/05\/Prayers-II.jpeg?w=1600&amp;ssl=1 1600w\" sizes=\"(max-width: 770px) 100vw, 770px\" \/><\/p>\n<p><span style=\"font-size: large;\">Aber geh\u00f6rt das Hybrid-Ding (Man nehme DEPECHE MODE, gebe eine gute Portion des fr\u00fchen Snoop Doggy Dogg hinzu und sch\u00fcttle wild\u2026) mit ihrem Cholo-Gangster-Style auf ein Wave-Gotik-Treffen? Sollte sich dieser Trend wirklich durchsetzen? Das d\u00fcrft ihr gerne kontrovers diskutieren, wenn ihr m\u00f6gt. Die Reise ging jedenfalls quer durch die bisherigen Alben des Musikprojekts und nat\u00fcrlich durfte dabei auch der 2014er EP-Titeltrack <\/span><span style=\"font-size: large;\"><i>\u201eGothic Summer\u201c<\/i><\/span><span style=\"font-size: large;\"> nicht fehlen. <\/span><\/p>\n<h3>Zugabe&#8230;<\/h3>\n<p><span style=\"font-size: large;\">Als Zugabe kramte Seyer noch einen Song hervor, den er selbst als <\/span><\/p>\n<blockquote><p><span style=\"font-size: large;\">Very old first and primitive <\/span><\/p><\/blockquote>\n<p><span style=\"font-size: large;\">beschrieb. Titel? Ich wei\u00df es nicht. Aber tanzbar war das Ding. Und das allein z\u00e4hlte an diesem Abend.<\/span><\/p>\n<p><span style=\"font-size: large;\">Jetzt blieb noch eine halbe Stunde Zeit, um unser zweites Geburtstagskind zu finden. Die Suche lief mehr als chaotisch (mit dem Pl\u00e4ne machen hatten wir es ja alle nicht so), wurde aber letztendlich von Erfolg gekr\u00f6nt, bevor es dann zum Mitternachtsspezial ging.<\/span><\/p>\n<h3><span style=\"color: #000000;\">EDITORS<\/span><\/h3>\n<p><span style=\"font-size: large;\">Wer mag, darf jetzt noch weiterhin diskutieren, denn auch bei dieser Formation, die sich bereits im Jahr 2003 gr\u00fcndete, ist die Kategorie \u201eGoth\u201c vielleicht auch nicht ganz zutreffend, obwohl sie ebenfalls in die Schubladen New Wave und Post-Punk gesteckt wird. Im Vorfeld konnte man jedoch lesen, dass die Indie-Rock-Band auf das Wave-Gotik-Treffen eingeladen wurde, um das Publikum zu verj\u00fcngen. Weird und f\u00fcr mich nicht ganz nachvollziehbar. Also, das mit der Verj\u00fcngung. Die Schubladen sind ja nicht so wichtig, wenn die Musik das schwarze Herz anspricht.<\/span><\/p>\n<h3>Ehrliche T\u00f6ne&#8230;<\/h3>\n<p><span style=\"font-size: large;\">Die Halle f\u00fcllte sich zusehends, doch war die Situation noch sehr entspannt und weit von einem Einlass-Stopp entfernt, wie es manch panisch vorfreudige Anh\u00e4nger der <span style=\"color: #800000;\"><a style=\"color: #800000;\" href=\"https:\/\/www.facebook.com\/editorsmusic\" target=\"_blank\" rel=\"noopener\">EDITORS<\/a> <\/span>bef\u00fcrchtete oder gar prophezeite. <\/span><\/p>\n<p><span style=\"font-size: large;\">So war es halt einfach doppelt so voll, als beim Act zuvor aber keineswegs \u00fcberf\u00fcllt. Die britische Kombo um S\u00e4nger und Gitarrist Tom Smith begann p\u00fcnktlich um 00.30 Uhr mit ihrer Performance, konnte bei mir lediglich ein leichtes Schunkeln hervorrufen. Es hat mich einfach nicht gepackt. Irgendwie klang in meinen Ohren alles gleich. Sehr erfreulich war jedoch der Anblick des Quintetts. Hier hatte noch jeder ein Instrument in der Hand, mit dem er \u201eehrliche\u201c T\u00f6ne erzeugte. <\/span><\/p>\n<p><img data-recalc-dims=\"1\" loading=\"lazy\" decoding=\"async\" class=\"size-medium wp-image-10075 aligncenter\" src=\"https:\/\/i0.wp.com\/schwarze-welle.com\/wp-content\/uploads\/2024\/05\/Editors.jpeg?resize=770%2C578&#038;ssl=1\" alt=\"\" width=\"770\" height=\"578\" srcset=\"https:\/\/i0.wp.com\/schwarze-welle.com\/wp-content\/uploads\/2024\/05\/Editors.jpeg?resize=770%2C578&amp;ssl=1 770w, https:\/\/i0.wp.com\/schwarze-welle.com\/wp-content\/uploads\/2024\/05\/Editors.jpeg?resize=1170%2C878&amp;ssl=1 1170w, https:\/\/i0.wp.com\/schwarze-welle.com\/wp-content\/uploads\/2024\/05\/Editors.jpeg?resize=768%2C576&amp;ssl=1 768w, https:\/\/i0.wp.com\/schwarze-welle.com\/wp-content\/uploads\/2024\/05\/Editors.jpeg?resize=1536%2C1152&amp;ssl=1 1536w, https:\/\/i0.wp.com\/schwarze-welle.com\/wp-content\/uploads\/2024\/05\/Editors.jpeg?w=1600&amp;ssl=1 1600w\" sizes=\"(max-width: 770px) 100vw, 770px\" \/><\/p>\n<p>&nbsp;<\/p>\n<p><img data-recalc-dims=\"1\" loading=\"lazy\" decoding=\"async\" class=\"size-medium wp-image-10076 aligncenter\" src=\"https:\/\/i0.wp.com\/schwarze-welle.com\/wp-content\/uploads\/2024\/05\/Editors-II.jpeg?resize=770%2C578&#038;ssl=1\" alt=\"\" width=\"770\" height=\"578\" srcset=\"https:\/\/i0.wp.com\/schwarze-welle.com\/wp-content\/uploads\/2024\/05\/Editors-II.jpeg?resize=770%2C578&amp;ssl=1 770w, https:\/\/i0.wp.com\/schwarze-welle.com\/wp-content\/uploads\/2024\/05\/Editors-II.jpeg?resize=1170%2C878&amp;ssl=1 1170w, https:\/\/i0.wp.com\/schwarze-welle.com\/wp-content\/uploads\/2024\/05\/Editors-II.jpeg?resize=768%2C576&amp;ssl=1 768w, https:\/\/i0.wp.com\/schwarze-welle.com\/wp-content\/uploads\/2024\/05\/Editors-II.jpeg?resize=1536%2C1152&amp;ssl=1 1536w, https:\/\/i0.wp.com\/schwarze-welle.com\/wp-content\/uploads\/2024\/05\/Editors-II.jpeg?w=1600&amp;ssl=1 1600w\" sizes=\"(max-width: 770px) 100vw, 770px\" \/><\/p>\n<p><span style=\"font-size: large;\">Nun, so richtig hat die Performance einige von uns nicht ergriffen und wir verzichteten daher auf die letzten 45 Minuten, sprich auf die H\u00e4lfte des Konzerts und damit auch auf den legend\u00e4ren <\/span><span style=\"font-size: large;\"><i>\u201ePapillon\u201c,<\/i><\/span><span style=\"font-size: large;\"> den es als aller letzten Track mit auf den Flug in die Nacht gab. F\u00fcr uns gab noch einen kurzen, jedoch sehr tanzintensiven Abstecher ins Caf\u00e9, bevor die Instantnudeln erneut ihren Reiz aus\u00fcbten.<\/span><\/p>\n<h2>MONTAG<\/h2>\n<p><span style=\"font-size: large;\">Duschen. Ritual (In erweiterter Form, denn beim B\u00e4cker gab es noch einen super leckeren Kuchen von unseren beiden Geburtstagskindern). Chillen. Cocktail mit den M\u00e4dels. Heidnisches Dorf. Perfekt.<\/span><\/p>\n<p><span style=\"font-size: large;\">Ihr fragt euch, warum es uns immer wieder in das Wikingerlager zog, obwohl es ja rein offiziell nicht einmal so richtig zum Wave-Gotik-Treffen geh\u00f6rt? Ihr Lieben, es ist diese einzigartige, entspannte Atmosph\u00e4re, bei allem Gewusel dort.<\/span><\/p>\n<p><img data-recalc-dims=\"1\" loading=\"lazy\" decoding=\"async\" class=\"size-medium wp-image-10077 aligncenter\" src=\"https:\/\/i0.wp.com\/schwarze-welle.com\/wp-content\/uploads\/2024\/05\/HeiDo.jpeg?resize=770%2C578&#038;ssl=1\" alt=\"\" width=\"770\" height=\"578\" srcset=\"https:\/\/i0.wp.com\/schwarze-welle.com\/wp-content\/uploads\/2024\/05\/HeiDo.jpeg?resize=770%2C578&amp;ssl=1 770w, https:\/\/i0.wp.com\/schwarze-welle.com\/wp-content\/uploads\/2024\/05\/HeiDo.jpeg?resize=1170%2C878&amp;ssl=1 1170w, https:\/\/i0.wp.com\/schwarze-welle.com\/wp-content\/uploads\/2024\/05\/HeiDo.jpeg?resize=768%2C576&amp;ssl=1 768w, https:\/\/i0.wp.com\/schwarze-welle.com\/wp-content\/uploads\/2024\/05\/HeiDo.jpeg?resize=1536%2C1152&amp;ssl=1 1536w, https:\/\/i0.wp.com\/schwarze-welle.com\/wp-content\/uploads\/2024\/05\/HeiDo.jpeg?w=1600&amp;ssl=1 1600w\" sizes=\"(max-width: 770px) 100vw, 770px\" \/><\/p>\n<p><span style=\"font-size: large;\">Hier werden Kleidung, Schmuck, Waffen und R\u00e4ucherwerke feilgeboten und all dies ist gr\u00f6\u00dftenteils handgefertigt. Dazwischen die St\u00e4nde mit Honigwein und vielen anderen leckeren Tropfen, die man auf den Wiesen und B\u00e4nken konsumieren kann. Es ist einfach ein Ort, an denen sich die Hedonisten der gro\u00dfen Party treffen, um sich gemeinsam in einem wohligen Gef\u00fchl zu sonnen, sich miteinander unterhalten und der Live-Musik zu lauschen. <\/span><\/p>\n<p><span style=\"font-size: large;\">Apropos Musik. Ein letztes Konzert h\u00e4tte ich da noch.<\/span><\/p>\n<h3>TANZWUT<\/h3>\n<p><span style=\"font-size: large;\">Ein perfekter Rahmen, sowohl f\u00fcr die Berliner Mittelalter-Rock-Band, die bereits seit 1997 erfolgreich ihre Tanzpest verbreitet, als auch f\u00fcr ihre Anh\u00e4ngerschaft, die allerdings vor der \u00fcberaus gut besuchten B\u00fchne zum Tanze nicht ganz so viel Platz fand. Aber was soll\u00b4s. Dann wurde halt auch noch der letzte aufrecht stehende Grashalm auf der Stelle niedergestampft und dabei verdammt viel Staub geschluckt. <\/span><\/p>\n<h3>Pollenalarm f\u00fcr Fortgeschrittene&#8230;<\/h3>\n<p><span style=\"font-size: large;\">Ach ja. Pollen wurden ebenfalls reichlich inhaliert. F\u00fcr die Allergiker war die Nummer sicherlich kein Vergn\u00fcgen. Und was da sp\u00e4ter alles aus der Nase kam\u2026. Puh. Wahres Teufelswerk und ein weniger schmackhaftes Souvenir vom Wave-Gotik-Treffen. Aber nun zur Performance von<span style=\"color: #800000;\"> <a style=\"color: #800000;\" href=\"https:\/\/www.facebook.com\/TANZWUTOfficial\" target=\"_blank\" rel=\"noopener\">TANZWUT<\/a><\/span>, zu der uns der Teufel pers\u00f6nlich begr\u00fc\u00dfte und uns auch gleich das aktuelle Video zur Single <\/span><span style=\"font-size: large;\"><i>\u201eNoch eine Flasche Wein\u201c<\/i><\/span><span style=\"font-size: large;\"> vom kommenden Album <\/span><span style=\"font-size: large;\"><i>\u201aAchtung Mensch!\u2018,<\/i><\/span><span style=\"font-size: large;\"> das am 09. August 2024 erscheinen wird, ans Herz legte.<\/span><\/p>\n<p><span style=\"font-size: large;\">Trinkt auf die Liebe, das Leben und schaut hier auch gern das Video dazu.<\/span><\/p>\n<p><iframe hcb-fetch-image-from=\"https:\/\/youtu.be\/997puuMfRxs\" title=\"Noch eine Flasche Wein\" width=\"1170\" height=\"878\" src=\"https:\/\/www.youtube.com\/embed\/997puuMfRxs?feature=oembed\" frameborder=\"0\" allow=\"accelerometer; autoplay; clipboard-write; encrypted-media; gyroscope; picture-in-picture; web-share\" referrerpolicy=\"strict-origin-when-cross-origin\" allowfullscreen><\/iframe><\/p>\n<p>&nbsp;<\/p>\n<p><span style=\"font-size: large;\">Jedes Lied k\u00fcndigte der Teufel mit einer kleinen Geschichte an und spielte dabei liebevoll mit dem Publikum, das ab der ersten Sekunde in geneigter Stimmung war, hier den letzten Gig im Heidnischen Dorf gemeinsam zu zelebrieren. <\/span><\/p>\n<blockquote><p><span style=\"font-size: large;\">Wir haben ja noch den ganzen wundervollen Sommer vor uns<\/span><\/p><\/blockquote>\n<p><span style=\"font-size: large;\">versprach der Teufel, bevor sich alle sieben Schergen auf der B\u00fchne unter rhythmischem Hand Geklapper auf ihren Weg <\/span><span style=\"font-size: large;\"><i>\u201eBis zum Meer\u201c<\/i><\/span><span style=\"font-size: large;\"> machten. Das Publikum feierte, der Teufel k\u00e4mpfte mit seinem St\u00e4nder, dem Mikrost\u00e4nder nat\u00fcrlich, und die Dudelsackparty kam langsam so richtig in Fahrt. Insgesamt war die Darbietung eine echte Augenweide.<\/span><\/p>\n<h3>Darf ich kurz mal jammern?<\/h3>\n<p><span style=\"font-size: large;\">Wisst ihr eigentlich, wie schwierig es ist, sich Notizen zu machen, w\u00e4hrend man schief singend, klatschend und im Staub stapfend von einer ausgelassenen Stimmung \u00fcbermannt wird? Nein? Wir geben euch gerne die Gelegenheit. Lest dazu den Bericht bis zum Ende.<\/span><\/p>\n<p><span style=\"font-size: large;\">Aber erst mal noch hier weiter. Auf Augen und Ohren prallte der <\/span><span style=\"font-size: large;\"><i>\u201eNarziss\u201c<\/i><\/span><span style=\"font-size: large;\"> und es gab noch einen geisterhaften Tango, bevor die Puppenspieler auf den Brettern an den F\u00e4den zogen und sich so manch einer im Kreise drehte. Die vertonte Gruselgeschichte vom Gro\u00dfvater <\/span><span style=\"font-size: large;\"><i>\u201eReiter ohne Kopf\u201c<\/i><\/span><span style=\"font-size: large;\"> verdeutlichte, dass diese Veranstaltung im Dunkeln noch genialer h\u00e4tte sein k\u00f6nnen. Naja. Das ist Jammern auf hohem Niveau, lasst uns einfach dankbar f\u00fcr das gemeinsame Miteinander sein und uns Dinge vergessen, die wir niemals sehen wollten. Was wir jedoch sehen und h\u00f6ren wollten, war Alexius an den Tasten. <\/span><\/p>\n<h3><span style=\"font-size: large;\">Finale<\/span><\/h3>\n<p><span style=\"font-size: large;\">W\u00e4hrend sich die anderen ein wenig frisch machten und von der B\u00fchne verschwanden, gab der Keyboarder einfach mal Schub mit dem <\/span><span style=\"font-size: large;\"><i>\u201eIntro &amp; Toccata\u201c<\/i><\/span><span style=\"font-size: large;\"> vom 2006er Album <em>\u201aSchattenreiter\u2018<\/em>. Das war schon cool\u2026 Hier stiegen die Jungs, die der Reihe nach von ihrer \u201eSchluckpause\u201c zur\u00fcck kamen, nun mit ein und heizten den klatschfreudigen Zuschauern nochmal ordentlich ein, bevor es zur letzten Nummer diese abends kam. <\/span><span style=\"font-size: large;\"><i>\u201eBr\u00fcder im Geiste\u201c <\/i><\/span><span style=\"font-size: large;\">rundete das mittelalterliche Geschehen feinst <\/span><span style=\"font-size: large;\">ab. <\/span><\/p>\n<p><span style=\"font-size: large;\">Als Zugabe gab es kein weiteres Liedchen mehr, jedoch ein gemeinsames Abschlussfoto von Band und allen Tanzw\u00fctigen vor Ort mit erhobenen H\u00e4nden auf dem Wave-Gotik-Treffen 2024.\u00a0<\/span><\/p>\n<h2>DIENSTAG<\/h2>\n<p>Kein Ritual.<\/p>\n<p>Kaffee, Kram zusammenpacken und zu den Autos bringen. Verabschiedungen. Abfahrt. Burgerpause. Nach f\u00fcnf Stunden Fahrt zuhause ankommen und den Rei\u00dfverschluss an der T\u00fcr suchen&#8230;<\/p>\n<h3>FAZIT<\/h3>\n<p><span style=\"font-size: large;\">Das 31. Wave-Gotik-Treffen ist zu Ende und viele von uns tanzen nun den Festival-Blues. Tats\u00e4chlich tanze ich dieses Jahr zu ersten Mal mit- bisher blieb ich von diesem Gef\u00fchl verschont. Vielleicht bin ich aber auch einfach nur furchtbar m\u00fcde\u2026<\/span><\/p>\n<p><span style=\"font-size: large;\">Insgesamt war es eine wundervolle Zeit. Ihr habt gelesen, dass wir kaum etwas von dem wahnsinnig vielf\u00e4ltigen Angebot in Anspruch genommen haben (wobei ich hier auch einfach nicht alles erw\u00e4hnen konnte) und dennoch rundum gl\u00fccklich und zufrieden sind. Das macht halt die Familie. Ich bin dankbar f\u00fcr all die tollen Leute, die ich begr\u00fc\u00dfen, neu kennenlernen oder einfach nur anschauen durfte. So viele sch\u00f6ne schwarze Seelen&#8230;<\/span><\/p>\n<p><span style=\"font-size: large;\">Ich freue mich schon auf die 32. <\/span><span style=\"font-size: large;\">Und auch f\u00fcr n\u00e4chstes Jahr schmiede ich mal wieder den Plan, keine Pl\u00e4ne zu schmieden- vielleicht lande ich ja ganz zuf\u00e4llig mal im Felsenkeller, dem Krystallpalast oder in der Moritzbastei\u2026 <\/span><\/p>\n<p><span style=\"font-size: large;\">Ach ja, falls es noch interessiert:<\/span><\/p>\n<p><span style=\"font-size: large;\">Die Dixis wurden 2x t\u00e4glich ges\u00e4ubert und es waren genug davon vorhanden. Das hat man schon viel schlimmer erlebt. Auch die kostenpflichtige Keramikabteilung, Duschen usw. waren top. Immer sauber und immer ein Pl\u00e4tzchen frei. Essen und Trinken gab es f\u00fcr alle Fraktionen genug. Besonders lecker war die vegane Vagabundenbox und der Pulled Beef Burger. Gegens\u00e4tze ziehen sich an. Die Cocktails waren auch verdammt gut. Ich empfehle w\u00e4rmstens den Long Island Ice Tea.<\/span><\/p>\n<h3>Weitere News, Reviews, Konzertberichte, Events, redaktionelle Inhalte und unseren Stream findet ihr nat\u00fcrlich auf unserer <span style=\"color: #800000;\"><a style=\"color: #800000;\" href=\"https:\/\/schwarze-welle.com\/\" target=\"_blank\" rel=\"noopener\">Homepage<\/a><\/span>. Auf <span style=\"color: #800000;\"><a style=\"color: #800000;\" href=\"https:\/\/www.facebook.com\/RadioSchwarzeWelle\/\" target=\"_blank\" rel=\"noopener\">Facebook<\/a><\/span> und <a href=\"https:\/\/www.instagram.com\/radioschwarzewelle\" target=\"_blank\" rel=\"noopener\"><span style=\"color: #800000;\">Instagram<\/span><\/a>\u00a0versorgen wir euch mit aktuellen Beitr\u00e4gen und Infos zu unseren t\u00e4glichen Sendungen.<\/h3>\n<p><img data-recalc-dims=\"1\" loading=\"lazy\" decoding=\"async\" class=\"size-medium wp-image-10061 aligncenter\" src=\"https:\/\/i0.wp.com\/schwarze-welle.com\/wp-content\/uploads\/2024\/05\/Join-our-Team.png?resize=544%2C770&#038;ssl=1\" alt=\"\" width=\"544\" height=\"770\" srcset=\"https:\/\/i0.wp.com\/schwarze-welle.com\/wp-content\/uploads\/2024\/05\/Join-our-Team.png?resize=544%2C770&amp;ssl=1 544w, https:\/\/i0.wp.com\/schwarze-welle.com\/wp-content\/uploads\/2024\/05\/Join-our-Team.png?resize=827%2C1170&amp;ssl=1 827w, https:\/\/i0.wp.com\/schwarze-welle.com\/wp-content\/uploads\/2024\/05\/Join-our-Team.png?resize=768%2C1086&amp;ssl=1 768w, https:\/\/i0.wp.com\/schwarze-welle.com\/wp-content\/uploads\/2024\/05\/Join-our-Team.png?resize=1086%2C1536&amp;ssl=1 1086w, https:\/\/i0.wp.com\/schwarze-welle.com\/wp-content\/uploads\/2024\/05\/Join-our-Team.png?resize=1448%2C2048&amp;ssl=1 1448w, https:\/\/i0.wp.com\/schwarze-welle.com\/wp-content\/uploads\/2024\/05\/Join-our-Team.png?w=1587&amp;ssl=1 1587w\" sizes=\"(max-width: 544px) 100vw, 544px\" \/><\/p>\n<h3 class=\"western\"><span style=\"color: #ff0000;\">In eigener Sache<\/span><\/h3>\n<p><span style=\"color: #000000;\">Liebe Freunde der dunklen Kl\u00e4nge,<\/span><\/p>\n<p><span style=\"color: #000000;\">Wir suchen passionierte und engagierte Menschen, die ihre Liebe zur Gothic-Musik und -Kultur teilen und unser nicht-kommerzielles Gothic Online Radio bereichern m\u00f6chten. M\u00f6chtest du ein Teil unseres Teams werden? Wir bieten dir einige M\u00f6glichkeiten, dich einzubringen.<\/span><\/p>\n<h3 class=\"western\"><span style=\"color: #000000;\">Moderation<\/span><\/h3>\n<p><span style=\"color: #000000;\">Wenn du eine Leidenschaft f\u00fcr Gothic-Musik und eine einzigartige Stimme hast, dann k\u00f6nnte die Moderation das Richtige f\u00fcr dich sein! Deine Aufgabe ist es, die Zuh\u00f6rer durch unsere Sendungen zu begleiten und eine Atmosph\u00e4re zu schaffen, die die dunkle Seite der Musik feiert. Informationen zu den Bands, Locations, Festivals und Songs geh\u00f6ren nat\u00fcrlich dazu.<\/span><\/p>\n<h3 class=\"western\"><span style=\"color: #000000;\">Redaktion<\/span><\/h3>\n<p><span style=\"color: #000000;\">Liebst du es, deine Gedanken und dein Gesp\u00fcr f\u00fcr Musik auf Papier zu bringen? Hintergrundinformationen zu K\u00fcnstlern zu recherchieren? Konzertberichte zu schreiben? CDs zu rezensieren? Als Mitglied der Redaktion kannst du Artikel, Interviews und Beitr\u00e4ge verfassen, die unsere Zuh\u00f6rer \u2013 und Leser \u2013 informieren und inspirieren.<\/span><\/p>\n<h3 class=\"western\"><span style=\"color: #000000;\">Social Media<\/span><\/h3>\n<p><span style=\"color: #000000;\">F\u00fcr unser Online Radio ist eine starke Pr\u00e4senz in den sozialen Medien entscheidend. Wenn du ein Talent f\u00fcr Social-Media-Management hast, kannst du uns dabei helfen, unsere Community auf Plattformen wie Instagram, Facebook und so weiter zu st\u00e4rken und neue H\u00f6rer anzuziehen.<\/span><\/p>\n<h3 class=\"western\"><span style=\"color: #000000;\">Word Press<\/span><\/h3>\n<p><span style=\"color: #000000;\">Unsere Webseite ist das Herzst\u00fcck unseres Radios. Wenn du Erfahrung mit WordPress hast oder bereit bist, dich in die Gestaltung und Pflege unserer Website einzuarbeiten, dann k\u00f6nnten wir dich gut gebrauchen.<\/span><\/p>\n<h3><span style=\"color: #000000;\">Radiosoftware<\/span><\/h3>\n<p><span style=\"color: #000000;\">Die Technik hinter den Kulissen ist entscheidend, um einen reibungslosen Sendebetrieb sicherzustellen. Wenn du dich mit Radiosoftware auskennst und Interesse daran hast, Teil unseres technischen Teams zu werden, freuen wir uns auf deine Unterst\u00fctzung.<\/span><\/p>\n<p><span style=\"color: #000000;\">Wenn du dich angesprochen f\u00fchlst und Teil unseres aufregenden Projekts werden m\u00f6chtest, dann schicke uns deine E-Mail an:<\/span><\/p>\n<h4 class=\"western\"><span style=\"color: #ff0000;\"><a style=\"color: #ff0000;\" href=\"mailto:bewerbung@schwarze-welle.com\" target=\"_blank\" rel=\"noopener\">bewerbung@schwarze-welle.com<\/a><\/span><\/h4>\n<p><span style=\"color: #000000;\">Teile uns mit, f\u00fcr welche Position du dich interessierst, und warum du dich f\u00fcr unser Gothic Online Radio engagieren m\u00f6chtest.<\/span><\/p>\n<p><span style=\"color: #000000;\">Gemeinsam k\u00f6nnen wir die dunkle Seite der Musik feiern und eine lebendige Community aufbauen! Worauf wartest du? Mach mit!<\/span><\/p>\n","protected":false},"excerpt":{"rendered":"<p>Das Wave-Gotik-Treffen 2024 war auch in diesem Jahr wieder ein schillerndes Highlight f\u00fcr all die sch\u00f6nen, schwarzen Seelen aus aller Welt und somit nat\u00fcrlich auch f\u00fcr einige Mitglieder des RSW Teams, die sich beschwingt unter die 18.000 Festival-Besucher mischten. Insbesondere freute sich das Triumvirat des Senders, bestehend aus dem Herrn ...<\/p>\n","protected":false},"author":5,"featured_media":10059,"comment_status":"closed","ping_status":"closed","sticky":false,"template":"","format":"standard","meta":{"_acf_changed":false,"ngg_post_thumbnail":0,"_jetpack_memberships_contains_paid_content":false,"footnotes":""},"categories":[20,17],"tags":[1543,2565,2567,2561,2562,887,2556,2559,684,699,2557,2566,2558,2568,76,2564,2569,2570,53,678,44,2560,2563],"class_list":["post-10058","post","type-post","status-publish","format-standard","has-post-thumbnail","hentry","category-konzert-reviews","category-news","tag-agra","tag-cholo-goth","tag-cocktails","tag-dekadenz-ritual","tag-dosenbier","tag-editors","tag-euphonie","tag-familientreffen","tag-heidnisches-dorf","tag-heido","tag-kakophonie","tag-kirschbier","tag-logorrhoe","tag-long-island-ice-tea","tag-peter-heppner","tag-prayers","tag-raeucherwerk","tag-saint-city-orchestra","tag-tanzwut","tag-wave-gotik-treffen","tag-wgt","tag-wgtarier","tag-wohlstandsbrause"],"acf":[],"jetpack_featured_media_url":"https:\/\/i0.wp.com\/schwarze-welle.com\/wp-content\/uploads\/2024\/05\/Wave-Gotik-Treffen-2024.webp?fit=900%2C1036&ssl=1","jetpack_sharing_enabled":true,"_links":{"self":[{"href":"https:\/\/schwarze-welle.com\/index.php?rest_route=\/wp\/v2\/posts\/10058","targetHints":{"allow":["GET"]}}],"collection":[{"href":"https:\/\/schwarze-welle.com\/index.php?rest_route=\/wp\/v2\/posts"}],"about":[{"href":"https:\/\/schwarze-welle.com\/index.php?rest_route=\/wp\/v2\/types\/post"}],"author":[{"embeddable":true,"href":"https:\/\/schwarze-welle.com\/index.php?rest_route=\/wp\/v2\/users\/5"}],"replies":[{"embeddable":true,"href":"https:\/\/schwarze-welle.com\/index.php?rest_route=%2Fwp%2Fv2%2Fcomments&post=10058"}],"version-history":[{"count":5,"href":"https:\/\/schwarze-welle.com\/index.php?rest_route=\/wp\/v2\/posts\/10058\/revisions"}],"predecessor-version":[{"id":10104,"href":"https:\/\/schwarze-welle.com\/index.php?rest_route=\/wp\/v2\/posts\/10058\/revisions\/10104"}],"wp:featuredmedia":[{"embeddable":true,"href":"https:\/\/schwarze-welle.com\/index.php?rest_route=\/wp\/v2\/media\/10059"}],"wp:attachment":[{"href":"https:\/\/schwarze-welle.com\/index.php?rest_route=%2Fwp%2Fv2%2Fmedia&parent=10058"}],"wp:term":[{"taxonomy":"category","embeddable":true,"href":"https:\/\/schwarze-welle.com\/index.php?rest_route=%2Fwp%2Fv2%2Fcategories&post=10058"},{"taxonomy":"post_tag","embeddable":true,"href":"https:\/\/schwarze-welle.com\/index.php?rest_route=%2Fwp%2Fv2%2Ftags&post=10058"}],"curies":[{"name":"wp","href":"https:\/\/api.w.org\/{rel}","templated":true}]}}